{"id":15961,"date":"2019-04-08T12:42:17","date_gmt":"2019-04-08T15:42:17","guid":{"rendered":"http:\/\/www.portalalerta.com.br\/?p=15961"},"modified":"2019-04-08T12:42:58","modified_gmt":"2019-04-08T15:42:58","slug":"zona-rural-pombalense-pode-eleger-novo-vereador-nas-proximas-eleicoes","status":"publish","type":"post","link":"https:\/\/www.portalalerta.com.br\/index.php\/2019\/04\/08\/zona-rural-pombalense-pode-eleger-novo-vereador-nas-proximas-eleicoes\/","title":{"rendered":"Zona Rural pombalense pode eleger novo vereador nas pr\u00f3ximas elei\u00e7\u00f5es"},"content":{"rendered":"<p style=\"text-align: justify;\">Essa \u00e9 uma tese que come\u00e7a ganhar f\u00f4lego entre as comunidades de Ver\u00edssimo, Po\u00e7o e Barro Vermelho no interior pombalense, com o objetivo de formar uma esp\u00e9cie de \u201ctr\u00edplice alian\u00e7a\u201d capaz de superar diferen\u00e7as e eleger o primeiro vereador da regi\u00e3o. E a contar pela anima\u00e7\u00e3o essa \u00e9 uma ideia com potencial para vir com for\u00e7a j\u00e1 nas elei\u00e7\u00f5es do pr\u00f3ximo ano alimentando um sonho antigo.<!--more--><\/p>\n<p style=\"text-align: justify;\"><img fetchpriority=\"high\" decoding=\"async\" class=\"size-thumbnail wp-image-15254 aligncenter\" src=\"http:\/\/www.portalalerta.com.br\/wp-content\/uploads\/2019\/03\/Real-Estilo-e-Voc\u00ea-633x240.jpeg\" alt=\"\" width=\"633\" height=\"240\" srcset=\"https:\/\/www.portalalerta.com.br\/wp-content\/uploads\/2019\/03\/Real-Estilo-e-Voc\u00ea-633x240.jpeg 633w, https:\/\/www.portalalerta.com.br\/wp-content\/uploads\/2019\/03\/Real-Estilo-e-Voc\u00ea-260x99.jpeg 260w, https:\/\/www.portalalerta.com.br\/wp-content\/uploads\/2019\/03\/Real-Estilo-e-Voc\u00ea-50x19.jpeg 50w, https:\/\/www.portalalerta.com.br\/wp-content\/uploads\/2019\/03\/Real-Estilo-e-Voc\u00ea-150x57.jpeg 150w, https:\/\/www.portalalerta.com.br\/wp-content\/uploads\/2019\/03\/Real-Estilo-e-Voc\u00ea.jpeg 720w\" sizes=\"(max-width: 633px) 100vw, 633px\" \/>As conversas nas \u201crodas de pol\u00edtica\u201d analisam que com a administra\u00e7\u00e3o do Prefeito Ricardo Maia a regi\u00e3o se desenvolveu muito e hoje tem potencial para ter um representante nato, filho da terra, na C\u00e2mara de Vereadores. Ao mesmo tempo que todo mundo reconhece que n\u00e3o \u00e9 f\u00e1cil, tamb\u00e9m sabem que n\u00e3o \u00e9 imposs\u00edvel. \u201cChegou a hora\u201d, \u00e9 o que dizem os moradores da regi\u00e3o!<\/p>\n<p style=\"text-align: justify;\"><img decoding=\"async\" class=\"size-thumbnail wp-image-15962 aligncenter\" src=\"http:\/\/www.portalalerta.com.br\/wp-content\/uploads\/2019\/04\/pr\u00e9-candidatos-a-vereadores-em-Ribeira-do-Pombal-2020-720x192.jpg\" alt=\"\" width=\"720\" height=\"192\" srcset=\"https:\/\/www.portalalerta.com.br\/wp-content\/uploads\/2019\/04\/pr\u00e9-candidatos-a-vereadores-em-Ribeira-do-Pombal-2020.jpg 720w, https:\/\/www.portalalerta.com.br\/wp-content\/uploads\/2019\/04\/pr\u00e9-candidatos-a-vereadores-em-Ribeira-do-Pombal-2020-260x69.jpg 260w, https:\/\/www.portalalerta.com.br\/wp-content\/uploads\/2019\/04\/pr\u00e9-candidatos-a-vereadores-em-Ribeira-do-Pombal-2020-50x13.jpg 50w, https:\/\/www.portalalerta.com.br\/wp-content\/uploads\/2019\/04\/pr\u00e9-candidatos-a-vereadores-em-Ribeira-do-Pombal-2020-150x40.jpg 150w\" sizes=\"(max-width: 720px) 100vw, 720px\" \/>Baldinho administrador do Verissimo, Caboco da V\u00e1rzea, Dilly ex administrador do Po\u00e7o , Kadson, Paulo administrador do Barro vermelho, Pedrinho administrador do Po\u00e7o e Mikael Gama assessor do gabinete s\u00e3o algumas das refer\u00eancias pol\u00edticas que hoje est\u00e3o cotados para \u201csegurar o bast\u00e3o\u201d.<\/p>\n<p style=\"text-align: justify;\">Agora \u00e9 unir as comunidades e trabalhar os nomes para essa tr\u00edplice uni\u00e3o.<\/p>\n","protected":false},"excerpt":{"rendered":"<p>Essa \u00e9 uma tese que come\u00e7a ganhar f\u00f4lego entre as comunidades de Ver\u00edssimo, Po\u00e7o e Barro Vermelho no interior pombalense, com o objetivo de formar uma esp\u00e9cie de \u201ctr\u00edplice alian\u00e7a\u201d capaz de superar diferen\u00e7as e eleger o primeiro vereador da regi\u00e3o. E a contar pela anima\u00e7\u00e3o essa \u00e9 uma ideia com potencial para vir com &hellip;<\/p>\n","protected":false},"author":2,"featured_media":9503,"comment_status":"open","ping_status":"open","sticky":false,"template":"","format":"standard","meta":{"om_disable_all_campaigns":false,"_monsterinsights_skip_tracking":false,"_monsterinsights_sitenote_active":false,"_monsterinsights_sitenote_note":"","_monsterinsights_sitenote_category":0,"footnotes":""},"categories":[70,69,21,32,3],"tags":[],"class_list":["post-15961","post","type-post","status-publish","format-standard","has-post-thumbnail","hentry","category-destaques","category-noticias2","category-politica","category-regiao","category-ribeira-do-pombal"],"aioseo_notices":[],"_links":{"self":[{"href":"https:\/\/www.portalalerta.com.br\/index.php\/wp-json\/wp\/v2\/posts\/15961","targetHints":{"allow":["GET"]}}],"collection":[{"href":"https:\/\/www.portalalerta.com.br\/index.php\/wp-json\/wp\/v2\/posts"}],"about":[{"href":"https:\/\/www.portalalerta.com.br\/index.php\/wp-json\/wp\/v2\/types\/post"}],"author":[{"embeddable":true,"href":"https:\/\/www.portalalerta.com.br\/index.php\/wp-json\/wp\/v2\/users\/2"}],"replies":[{"embeddable":true,"href":"https:\/\/www.portalalerta.com.br\/index.php\/wp-json\/wp\/v2\/comments?post=15961"}],"version-history":[{"count":0,"href":"https:\/\/www.portalalerta.com.br\/index.php\/wp-json\/wp\/v2\/posts\/15961\/revisions"}],"wp:featuredmedia":[{"embeddable":true,"href":"https:\/\/www.portalalerta.com.br\/index.php\/wp-json\/wp\/v2\/media\/9503"}],"wp:attachment":[{"href":"https:\/\/www.portalalerta.com.br\/index.php\/wp-json\/wp\/v2\/media?parent=15961"}],"wp:term":[{"taxonomy":"category","embeddable":true,"href":"https:\/\/www.portalalerta.com.br\/index.php\/wp-json\/wp\/v2\/categories?post=15961"},{"taxonomy":"post_tag","embeddable":true,"href":"https:\/\/www.portalalerta.com.br\/index.php\/wp-json\/wp\/v2\/tags?post=15961"}],"curies":[{"name":"wp","href":"https:\/\/api.w.org\/{rel}","templated":true}]}}