{"id":15965,"date":"2019-04-08T16:27:57","date_gmt":"2019-04-08T19:27:57","guid":{"rendered":"http:\/\/www.portalalerta.com.br\/?p=15965"},"modified":"2019-04-08T16:27:57","modified_gmt":"2019-04-08T19:27:57","slug":"exercito-atira-em-carro-de-familia-mata-uma-pessoa-e-fere-outra-no-rio","status":"publish","type":"post","link":"https:\/\/www.portalalerta.com.br\/index.php\/2019\/04\/08\/exercito-atira-em-carro-de-familia-mata-uma-pessoa-e-fere-outra-no-rio\/","title":{"rendered":"Ex\u00e9rcito atira em carro de fam\u00edlia, mata uma pessoa e fere outra no Rio"},"content":{"rendered":"<p style=\"text-align: justify;\">Carro teria sido confundido com o de bandidos que estavam agindo na regi\u00e3o<!--more--><\/p>\n<p style=\"text-align: justify;\">Militares do Ex\u00e9rcito mataram um homem e feriram outro na tarde deste domingo, 7, depois de atirar em um carro nas imedia\u00e7\u00f5es do Piscin\u00e3o de Deodoro, em Guadalupe, na zona oeste do Rio de Janeiro. O carro atingido teria sido confundido com o de bandidos que estavam agindo na regi\u00e3o.<\/p>\n<p style=\"text-align: justify;\"><img fetchpriority=\"high\" decoding=\"async\" class=\"size-full wp-image-2902 alignleft\" src=\"http:\/\/www.portalalerta.com.br\/wp-content\/uploads\/2017\/11\/elab-2.jpg\" alt=\"\" width=\"310\" height=\"200\" srcset=\"https:\/\/www.portalalerta.com.br\/wp-content\/uploads\/2017\/11\/elab-2.jpg 310w, https:\/\/www.portalalerta.com.br\/wp-content\/uploads\/2017\/11\/elab-2-226x146.jpg 226w, https:\/\/www.portalalerta.com.br\/wp-content\/uploads\/2017\/11\/elab-2-50x32.jpg 50w, https:\/\/www.portalalerta.com.br\/wp-content\/uploads\/2017\/11\/elab-2-116x75.jpg 116w\" sizes=\"(max-width: 310px) 100vw, 310px\" \/>Militares do Ex\u00e9rcito dispararam nada menos que 80 vezes contra o ve\u00edculo, matando o m\u00fasico Evaldo dos Santos Rosa, de 51 anos. O sogro de Evaldo tamb\u00e9m foi ferido, mas se recupera bem. Outras tr\u00eas pessoas que estavam no carro, entre elas a mulher do m\u00fasico, n\u00e3o se feriram.<\/p>\n<p style=\"text-align: justify;\">O delegado Leonardo Salgado da Delegacia de Homic\u00eddios, que est\u00e1 investigando o caso, afirmou em entrevista \u00e0 TV Globo que, &#8220;tudo indica&#8221; que os militares confundiram o carro da fam\u00edlia com o de assaltantes.<\/p>\n<p style=\"text-align: justify;\">&#8220;Foram diversos, diversos disparos de arma de fogo efetuados e tudo indica que os militares realmente confundiram o ve\u00edculo com o carro de bandidos. Mas neste ve\u00edculo estava uma fam\u00edlia&#8221;, contou Salgado. &#8220;N\u00e3o foi encontrada nenhuma arma (no carro). Tudo que foi apurado era que realmente era uma fam\u00edlia normal, de bem, que acabou sendo v\u00edtima dos militares.&#8221;<\/p>\n<p style=\"text-align: justify;\">Em nota divulgada ainda no domingo, o Comando Militar do Leste (CML) informou que os militares teriam se deparado com um assalto em andamento e que os criminosos, que estariam dentro do carro, teriam aberto fogo. Os militares explicaram que a regi\u00e3o \u00e9 muito pr\u00f3xima da Vila Militar e, por isso, dentro do per\u00edmetro de atua\u00e7\u00e3o do Ex\u00e9rcito. Mas o uso da for\u00e7a s\u00f3 pode ocorrer &#8220;de acordo com as normas do engajamento&#8221;.<\/p>\n<p style=\"text-align: justify;\">Mais tarde, no entanto, o CML enviou outra nota em que informava que j\u00e1 estava em andamento &#8220;uma apura\u00e7\u00e3o preliminar da din\u00e2mica dos fatos ocorridos&#8221; e que j\u00e1 tinham come\u00e7ado a ser coletados &#8220;os depoimentos de todos os militares envolvidos e de todas as testemunhas civis na Delegacia de Pol\u00edcia Judici\u00e1ria Militar&#8221;. O comunicado informou tamb\u00e9m que toda a investiga\u00e7\u00e3o estaria sendo supervisionada pelo Minist\u00e9rio P\u00fablico Militar.<\/p>\n<p style=\"text-align: justify;\">Ainda em entrevista \u00e0 TV Globo, o delegado reclamou do fato de os militares n\u00e3o terem prestado depoimento \u00e0 Pol\u00edcia Civil. &#8220;N\u00e3o vejo leg\u00edtima defesa&#8221;, disse o delegado sobre o fuzilamento do carro.<\/p>\n<p style=\"text-align: justify;\">Fonte: A Tarde<\/p>\n","protected":false},"excerpt":{"rendered":"<p>Carro teria sido confundido com o de bandidos que estavam agindo na regi\u00e3o<\/p>\n","protected":false},"author":2,"featured_media":15966,"comment_status":"open","ping_status":"open","sticky":false,"template":"","format":"standard","meta":{"om_disable_all_campaigns":false,"_monsterinsights_skip_tracking":false,"_monsterinsights_sitenote_active":false,"_monsterinsights_sitenote_note":"","_monsterinsights_sitenote_category":0,"footnotes":""},"categories":[34,70,69,22],"tags":[93,583,2529,169,2109,300],"class_list":["post-15965","post","type-post","status-publish","format-standard","has-post-thumbnail","hentry","category-brasil","category-destaques","category-noticias2","category-seguranca","tag-brasil","tag-exercito","tag-fuzilamento","tag-morte","tag-musico","tag-rio-de-janeiro"],"aioseo_notices":[],"_links":{"self":[{"href":"https:\/\/www.portalalerta.com.br\/index.php\/wp-json\/wp\/v2\/posts\/15965","targetHints":{"allow":["GET"]}}],"collection":[{"href":"https:\/\/www.portalalerta.com.br\/index.php\/wp-json\/wp\/v2\/posts"}],"about":[{"href":"https:\/\/www.portalalerta.com.br\/index.php\/wp-json\/wp\/v2\/types\/post"}],"author":[{"embeddable":true,"href":"https:\/\/www.portalalerta.com.br\/index.php\/wp-json\/wp\/v2\/users\/2"}],"replies":[{"embeddable":true,"href":"https:\/\/www.portalalerta.com.br\/index.php\/wp-json\/wp\/v2\/comments?post=15965"}],"version-history":[{"count":0,"href":"https:\/\/www.portalalerta.com.br\/index.php\/wp-json\/wp\/v2\/posts\/15965\/revisions"}],"wp:featuredmedia":[{"embeddable":true,"href":"https:\/\/www.portalalerta.com.br\/index.php\/wp-json\/wp\/v2\/media\/15966"}],"wp:attachment":[{"href":"https:\/\/www.portalalerta.com.br\/index.php\/wp-json\/wp\/v2\/media?parent=15965"}],"wp:term":[{"taxonomy":"category","embeddable":true,"href":"https:\/\/www.portalalerta.com.br\/index.php\/wp-json\/wp\/v2\/categories?post=15965"},{"taxonomy":"post_tag","embeddable":true,"href":"https:\/\/www.portalalerta.com.br\/index.php\/wp-json\/wp\/v2\/tags?post=15965"}],"curies":[{"name":"wp","href":"https:\/\/api.w.org\/{rel}","templated":true}]}}