{"id":15968,"date":"2019-04-08T16:28:31","date_gmt":"2019-04-08T19:28:31","guid":{"rendered":"http:\/\/www.portalalerta.com.br\/?p=15968"},"modified":"2019-04-08T16:28:31","modified_gmt":"2019-04-08T19:28:31","slug":"bolsonaro-anuncia-saida-de-velez-rodriguez-da-educacao-e-indica-substituto","status":"publish","type":"post","link":"https:\/\/www.portalalerta.com.br\/index.php\/2019\/04\/08\/bolsonaro-anuncia-saida-de-velez-rodriguez-da-educacao-e-indica-substituto\/","title":{"rendered":"Bolsonaro anuncia sa\u00edda de V\u00e9lez Rodr\u00edguez da Educa\u00e7\u00e3o e indica substituto"},"content":{"rendered":"<p style=\"text-align: justify;\">O presidente Jair Bolsonaro anunciou a sa\u00edda do ministro da Educa\u00e7\u00e3o Ricardo V\u00e9lez Rodriguez. Para o posto, foi nomeado Abraham Weintraub.\u00a0&#8220;Abraham \u00e9 doutor, professor universit\u00e1rio e possui ampla experi\u00eancia em gest\u00e3o e o conhecimento necess\u00e1rio para a pasta&#8221;, disse o presidente.<!--more--><\/p>\n<p style=\"text-align: justify;\"><img fetchpriority=\"high\" decoding=\"async\" class=\"size-thumbnail wp-image-15910 alignleft\" src=\"http:\/\/www.portalalerta.com.br\/wp-content\/uploads\/2019\/04\/Auto-Escola-Nobre-Promo\u00e7\u00e3o-360x240.jpeg\" alt=\"\" width=\"360\" height=\"240\" srcset=\"https:\/\/www.portalalerta.com.br\/wp-content\/uploads\/2019\/04\/Auto-Escola-Nobre-Promo\u00e7\u00e3o-360x240.jpeg 360w, https:\/\/www.portalalerta.com.br\/wp-content\/uploads\/2019\/04\/Auto-Escola-Nobre-Promo\u00e7\u00e3o-219x146.jpeg 219w, https:\/\/www.portalalerta.com.br\/wp-content\/uploads\/2019\/04\/Auto-Escola-Nobre-Promo\u00e7\u00e3o-50x33.jpeg 50w, https:\/\/www.portalalerta.com.br\/wp-content\/uploads\/2019\/04\/Auto-Escola-Nobre-Promo\u00e7\u00e3o-113x75.jpeg 113w, https:\/\/www.portalalerta.com.br\/wp-content\/uploads\/2019\/04\/Auto-Escola-Nobre-Promo\u00e7\u00e3o.jpeg 600w\" sizes=\"(max-width: 360px) 100vw, 360px\" \/>V\u00e9lez deixou o posto ap\u00f3s grande desgasta no minist\u00e9rio.\u00a0No final de semana, Bolsonaro afirmou que hoje iria anunciar o futuro do ministro. V\u00e9lez deixou claro que n\u00e3o iria pedir demiss\u00e3o.\u00a0O Minist\u00e9rio da Educa\u00e7\u00e3o foi alvo de uma disputa de poder entre grupos que custou R$ 171 mil s\u00f3 em ajudas de custos. O MEC viveu desde o in\u00edcio de mar\u00e7o um turbilh\u00e3o envolvendo exonera\u00e7\u00f5es e mudan\u00e7as que j\u00e1 atingiu ao menos 20 cargos. Sem experi\u00eancia em gest\u00e3o e com poucas conex\u00f5es com o debate educacional, V\u00e9lez montou sua equipe a partir da indica\u00e7\u00e3o de v\u00e1rios grupos \u2014o que resultou em um mosaico de interesses e disputas<\/p>\n<p style=\"text-align: justify;\"><em>Fonte: Metro1<\/em><\/p>\n","protected":false},"excerpt":{"rendered":"<p>O presidente Jair Bolsonaro anunciou a sa\u00edda do ministro da Educa\u00e7\u00e3o Ricardo V\u00e9lez Rodriguez. Para o posto, foi nomeado Abraham Weintraub.\u00a0&#8220;Abraham \u00e9 doutor, professor universit\u00e1rio e possui ampla experi\u00eancia em gest\u00e3o e o conhecimento necess\u00e1rio para a pasta&#8221;, disse o presidente.<\/p>\n","protected":false},"author":2,"featured_media":15969,"comment_status":"open","ping_status":"open","sticky":false,"template":"","format":"standard","meta":{"om_disable_all_campaigns":false,"_monsterinsights_skip_tracking":false,"_monsterinsights_sitenote_active":false,"_monsterinsights_sitenote_note":"","_monsterinsights_sitenote_category":0,"footnotes":""},"categories":[34,70,20,69,21],"tags":[2530,93,1395,1437,1436,1893],"class_list":["post-15968","post","type-post","status-publish","format-standard","has-post-thumbnail","hentry","category-brasil","category-destaques","category-educacao","category-noticias2","category-politica","tag-abraham-weintraub","tag-brasil","tag-jair-bolsonaro","tag-mec","tag-ministerio-da-educacao","tag-ricardo-velez-rodriguez"],"aioseo_notices":[],"_links":{"self":[{"href":"https:\/\/www.portalalerta.com.br\/index.php\/wp-json\/wp\/v2\/posts\/15968","targetHints":{"allow":["GET"]}}],"collection":[{"href":"https:\/\/www.portalalerta.com.br\/index.php\/wp-json\/wp\/v2\/posts"}],"about":[{"href":"https:\/\/www.portalalerta.com.br\/index.php\/wp-json\/wp\/v2\/types\/post"}],"author":[{"embeddable":true,"href":"https:\/\/www.portalalerta.com.br\/index.php\/wp-json\/wp\/v2\/users\/2"}],"replies":[{"embeddable":true,"href":"https:\/\/www.portalalerta.com.br\/index.php\/wp-json\/wp\/v2\/comments?post=15968"}],"version-history":[{"count":0,"href":"https:\/\/www.portalalerta.com.br\/index.php\/wp-json\/wp\/v2\/posts\/15968\/revisions"}],"wp:featuredmedia":[{"embeddable":true,"href":"https:\/\/www.portalalerta.com.br\/index.php\/wp-json\/wp\/v2\/media\/15969"}],"wp:attachment":[{"href":"https:\/\/www.portalalerta.com.br\/index.php\/wp-json\/wp\/v2\/media?parent=15968"}],"wp:term":[{"taxonomy":"category","embeddable":true,"href":"https:\/\/www.portalalerta.com.br\/index.php\/wp-json\/wp\/v2\/categories?post=15968"},{"taxonomy":"post_tag","embeddable":true,"href":"https:\/\/www.portalalerta.com.br\/index.php\/wp-json\/wp\/v2\/tags?post=15968"}],"curies":[{"name":"wp","href":"https:\/\/api.w.org\/{rel}","templated":true}]}}