{"id":15971,"date":"2019-04-08T16:29:16","date_gmt":"2019-04-08T19:29:16","guid":{"rendered":"http:\/\/www.portalalerta.com.br\/?p=15971"},"modified":"2019-04-08T16:29:16","modified_gmt":"2019-04-08T19:29:16","slug":"professores-da-educacao-inclusiva-iniciam-capacitacao-em-ribeira-do-pombal-ba","status":"publish","type":"post","link":"https:\/\/www.portalalerta.com.br\/index.php\/2019\/04\/08\/professores-da-educacao-inclusiva-iniciam-capacitacao-em-ribeira-do-pombal-ba\/","title":{"rendered":"Professores da Educa\u00e7\u00e3o Inclusiva iniciam capacita\u00e7\u00e3o, em Ribeira do Pombal-BA"},"content":{"rendered":"<p style=\"text-align: justify;\">A Secretaria Municipal de Educa\u00e7\u00e3o realizou no \u00faltimo dia 20, nova etapa de Forma\u00e7\u00e3o na \u00e1rea da Educa\u00e7\u00e3o Inclusiva. Quando os Professores de Apoio das Escolas p\u00fablicas da rede de ensino debateram sobre o tema \u201cPr\u00e1ticas Inclusivas para alunos com defici\u00eancia\u201d. Pensando no desenvolvimento intelectual das crian\u00e7as, adolescentes e jovens com defici\u00eancia do munic\u00edpio, a Secretaria tem como pr\u00e1tica oferecer constantemente momentos de capacita\u00e7\u00e3o.<!--more--><\/p>\n<p style=\"text-align: justify;\"><img fetchpriority=\"high\" decoding=\"async\" class=\"size-full wp-image-2867 aligncenter\" src=\"http:\/\/www.portalalerta.com.br\/wp-content\/uploads\/2017\/11\/protege-1.jpg\" alt=\"\" width=\"600\" height=\"140\" \/>Esse primeiro evento de 2019, foi ministrado pela Coordenadora da Educa\u00e7\u00e3o Especial\/Inclusiva, Silvana Trindade, e teve como objetivo possibilitar uma aprendizagem significativa para os alunos com defici\u00eancia das escolas do munic\u00edpio.<\/p>\n<p style=\"text-align: justify;\"><em>Fonte: SECOM\/ Ribeira do Pombal<\/em><\/p>\n","protected":false},"excerpt":{"rendered":"<p>A Secretaria Municipal de Educa\u00e7\u00e3o realizou no \u00faltimo dia 20, nova etapa de Forma\u00e7\u00e3o na \u00e1rea da Educa\u00e7\u00e3o Inclusiva. Quando os Professores de Apoio das Escolas p\u00fablicas da rede de ensino debateram sobre o tema \u201cPr\u00e1ticas Inclusivas para alunos com defici\u00eancia\u201d. Pensando no desenvolvimento intelectual das crian\u00e7as, adolescentes e jovens com defici\u00eancia do munic\u00edpio, a &hellip;<\/p>\n","protected":false},"author":2,"featured_media":15972,"comment_status":"open","ping_status":"open","sticky":false,"template":"","format":"standard","meta":{"om_disable_all_campaigns":false,"_monsterinsights_skip_tracking":false,"_monsterinsights_sitenote_active":false,"_monsterinsights_sitenote_note":"","_monsterinsights_sitenote_category":0,"footnotes":""},"categories":[70,20,69,32,3],"tags":[140,1145,47,212],"class_list":["post-15971","post","type-post","status-publish","format-standard","has-post-thumbnail","hentry","category-destaques","category-educacao","category-noticias2","category-regiao","category-ribeira-do-pombal","tag-educacao","tag-educacao-inclusiva","tag-ribeira-do-pombal","tag-secretaria-de-educacao"],"aioseo_notices":[],"_links":{"self":[{"href":"https:\/\/www.portalalerta.com.br\/index.php\/wp-json\/wp\/v2\/posts\/15971","targetHints":{"allow":["GET"]}}],"collection":[{"href":"https:\/\/www.portalalerta.com.br\/index.php\/wp-json\/wp\/v2\/posts"}],"about":[{"href":"https:\/\/www.portalalerta.com.br\/index.php\/wp-json\/wp\/v2\/types\/post"}],"author":[{"embeddable":true,"href":"https:\/\/www.portalalerta.com.br\/index.php\/wp-json\/wp\/v2\/users\/2"}],"replies":[{"embeddable":true,"href":"https:\/\/www.portalalerta.com.br\/index.php\/wp-json\/wp\/v2\/comments?post=15971"}],"version-history":[{"count":0,"href":"https:\/\/www.portalalerta.com.br\/index.php\/wp-json\/wp\/v2\/posts\/15971\/revisions"}],"wp:featuredmedia":[{"embeddable":true,"href":"https:\/\/www.portalalerta.com.br\/index.php\/wp-json\/wp\/v2\/media\/15972"}],"wp:attachment":[{"href":"https:\/\/www.portalalerta.com.br\/index.php\/wp-json\/wp\/v2\/media?parent=15971"}],"wp:term":[{"taxonomy":"category","embeddable":true,"href":"https:\/\/www.portalalerta.com.br\/index.php\/wp-json\/wp\/v2\/categories?post=15971"},{"taxonomy":"post_tag","embeddable":true,"href":"https:\/\/www.portalalerta.com.br\/index.php\/wp-json\/wp\/v2\/tags?post=15971"}],"curies":[{"name":"wp","href":"https:\/\/api.w.org\/{rel}","templated":true}]}}