{"id":15974,"date":"2019-04-08T16:29:51","date_gmt":"2019-04-08T19:29:51","guid":{"rendered":"http:\/\/www.portalalerta.com.br\/?p=15974"},"modified":"2019-04-08T16:29:51","modified_gmt":"2019-04-08T19:29:51","slug":"homem-e-preso-apos-tentativa-de-homicidio-em-banzae-ba","status":"publish","type":"post","link":"https:\/\/www.portalalerta.com.br\/index.php\/2019\/04\/08\/homem-e-preso-apos-tentativa-de-homicidio-em-banzae-ba\/","title":{"rendered":"Homem \u00e9 preso ap\u00f3s tentativa de homic\u00eddio em Banza\u00ea-BA"},"content":{"rendered":"<p style=\"text-align: justify;\">No final da manh\u00e3 do \u00faltimo domingo, 07, policiais militares de Banza\u00ea-BA, foram informados de que um homem tinha dado entrada na Unidade de Sa\u00fade da cidade, ferido no abd\u00f4men, v\u00edtima de uma facada.<!--more--><\/p>\n<p style=\"text-align: justify;\">Os militares seguiram at\u00e9 a citada Unidade, onde mantiveram contato com a v\u00edtima, que por motivos de seguran\u00e7a n\u00e3o teve sua identidade divulgada. Na ocasi\u00e3o foram colhidos dados a respeito do crime, inclusive a respeito da autoria.<\/p>\n<p style=\"text-align: justify;\">Em seguida, a guarni\u00e7\u00e3o seguiu para o Povoado Palmares, local onde o crime teria ocorrido, onde realizaram buscas pelo autor, sendo este encontrado escondido numa Caixa D\u2019\u00e1gua da referida localidade.<\/p>\n<p style=\"text-align: justify;\"><img fetchpriority=\"high\" decoding=\"async\" class=\"size-thumbnail wp-image-15254 aligncenter\" src=\"http:\/\/www.portalalerta.com.br\/wp-content\/uploads\/2019\/03\/Real-Estilo-e-Voc\u00ea-633x240.jpeg\" alt=\"\" width=\"633\" height=\"240\" srcset=\"https:\/\/www.portalalerta.com.br\/wp-content\/uploads\/2019\/03\/Real-Estilo-e-Voc\u00ea-633x240.jpeg 633w, https:\/\/www.portalalerta.com.br\/wp-content\/uploads\/2019\/03\/Real-Estilo-e-Voc\u00ea-260x99.jpeg 260w, https:\/\/www.portalalerta.com.br\/wp-content\/uploads\/2019\/03\/Real-Estilo-e-Voc\u00ea-50x19.jpeg 50w, https:\/\/www.portalalerta.com.br\/wp-content\/uploads\/2019\/03\/Real-Estilo-e-Voc\u00ea-150x57.jpeg 150w, https:\/\/www.portalalerta.com.br\/wp-content\/uploads\/2019\/03\/Real-Estilo-e-Voc\u00ea.jpeg 720w\" sizes=\"(max-width: 633px) 100vw, 633px\" \/>Aos policiais, o autor confessou ter tentado cometer o homic\u00eddio, e que a motiva\u00e7\u00e3o teria sido uma discuss\u00e3o entre ele e a v\u00edtima, sendo este conduzido imediatamente para a Delegacia de Pol\u00edcia Civil de Euclides da Cunha-BA, onde foi apresentado em flagrante.<\/p>\n<p style=\"text-align: justify;\">Quanto \u00e0 v\u00edtima foi transferida para o Hospital Geral Santa Tereza em Ribeira do Pombal-BA, e segundo informa\u00e7\u00f5es preliminares, n\u00e3o corre risco de morte. A Pol\u00edcia Militar n\u00e3o divulgou a identidade do autor.<\/p>\n<p style=\"text-align: justify;\"><a href=\"http:\/\/www.facebook.com.br\/pombalalerta\"><strong style=\"font-style: inherit;\">Curta nossa p\u00e1gina no facebook, e continue atualizado sobre tudo o que acontece em sua cidade!<\/strong><\/a><\/p>\n<p style=\"text-align: justify;\"><a href=\"https:\/\/play.google.com\/store\/apps\/details?id=com.globalstore.portalalerta\"><strong style=\"font-style: inherit;\">Baixe o NOVO APLICATIVO Portal Alerta, e fique de olho na not\u00edcia<\/strong><\/a><\/p>\n<p style=\"text-align: justify;\"><em style=\"font-weight: inherit;\">Reda\u00e7\u00e3o: Portal Alerta<\/em><\/p>\n","protected":false},"excerpt":{"rendered":"<p>No final da manh\u00e3 do \u00faltimo domingo, 07, policiais militares de Banza\u00ea-BA, foram informados de que um homem tinha dado entrada na Unidade de Sa\u00fade da cidade, ferido no abd\u00f4men, v\u00edtima de uma facada.<\/p>\n","protected":false},"author":2,"featured_media":0,"comment_status":"open","ping_status":"open","sticky":false,"template":"","format":"standard","meta":{"om_disable_all_campaigns":false,"_monsterinsights_skip_tracking":false,"_monsterinsights_sitenote_active":false,"_monsterinsights_sitenote_note":"","_monsterinsights_sitenote_category":0,"footnotes":""},"categories":[39,70,69,32,22],"tags":[49,492,151,79,229,77,105],"class_list":["post-15974","post","type-post","status-publish","format-standard","hentry","category-banzae","category-destaques","category-noticias2","category-regiao","category-seguranca","tag-banzae","tag-facada","tag-hgst","tag-policia-militar","tag-povoado","tag-preso","tag-tentativa-de-homicidio"],"aioseo_notices":[],"_links":{"self":[{"href":"https:\/\/www.portalalerta.com.br\/index.php\/wp-json\/wp\/v2\/posts\/15974","targetHints":{"allow":["GET"]}}],"collection":[{"href":"https:\/\/www.portalalerta.com.br\/index.php\/wp-json\/wp\/v2\/posts"}],"about":[{"href":"https:\/\/www.portalalerta.com.br\/index.php\/wp-json\/wp\/v2\/types\/post"}],"author":[{"embeddable":true,"href":"https:\/\/www.portalalerta.com.br\/index.php\/wp-json\/wp\/v2\/users\/2"}],"replies":[{"embeddable":true,"href":"https:\/\/www.portalalerta.com.br\/index.php\/wp-json\/wp\/v2\/comments?post=15974"}],"version-history":[{"count":0,"href":"https:\/\/www.portalalerta.com.br\/index.php\/wp-json\/wp\/v2\/posts\/15974\/revisions"}],"wp:attachment":[{"href":"https:\/\/www.portalalerta.com.br\/index.php\/wp-json\/wp\/v2\/media?parent=15974"}],"wp:term":[{"taxonomy":"category","embeddable":true,"href":"https:\/\/www.portalalerta.com.br\/index.php\/wp-json\/wp\/v2\/categories?post=15974"},{"taxonomy":"post_tag","embeddable":true,"href":"https:\/\/www.portalalerta.com.br\/index.php\/wp-json\/wp\/v2\/tags?post=15974"}],"curies":[{"name":"wp","href":"https:\/\/api.w.org\/{rel}","templated":true}]}}