{"id":15983,"date":"2019-04-08T22:56:15","date_gmt":"2019-04-09T01:56:15","guid":{"rendered":"http:\/\/www.portalalerta.com.br\/?p=15983"},"modified":"2019-04-08T22:56:15","modified_gmt":"2019-04-09T01:56:15","slug":"dez-militares-do-exercito-sao-presos-apos-acao-que-fuzilou-carro-de-familia-no-rio-com-mais-de-80-tiros","status":"publish","type":"post","link":"https:\/\/www.portalalerta.com.br\/index.php\/2019\/04\/08\/dez-militares-do-exercito-sao-presos-apos-acao-que-fuzilou-carro-de-familia-no-rio-com-mais-de-80-tiros\/","title":{"rendered":"Dez militares do Ex\u00e9rcito s\u00e3o presos ap\u00f3s a\u00e7\u00e3o que fuzilou carro de fam\u00edlia no Rio com mais de 80 tiros"},"content":{"rendered":"<p style=\"text-align: justify;\">O Comando Militar do Leste (CML) informou, na manh\u00e3 desta segunda-feira (8), que prendeu dez dos 12 militares ouvidos ap\u00f3s a a\u00e7\u00e3o do Ex\u00e9rcito que matou o m\u00fasico Evaldo dos Santos Rosa em Guadalupe, na Zona Oeste do Rio, na v\u00e9spera, que teve seu carro fuzilado com mais de 80 tiros. A Pol\u00edcia Civil diz que &#8220;tudo indica&#8221; que o ve\u00edculo foi confundido com o de criminosos.<!--more--><\/p>\n<p style=\"text-align: justify;\"><img fetchpriority=\"high\" decoding=\"async\" class=\"size-full wp-image-2902 alignleft\" src=\"http:\/\/www.portalalerta.com.br\/wp-content\/uploads\/2017\/11\/elab-2.jpg\" alt=\"\" width=\"310\" height=\"200\" srcset=\"https:\/\/www.portalalerta.com.br\/wp-content\/uploads\/2017\/11\/elab-2.jpg 310w, https:\/\/www.portalalerta.com.br\/wp-content\/uploads\/2017\/11\/elab-2-226x146.jpg 226w, https:\/\/www.portalalerta.com.br\/wp-content\/uploads\/2017\/11\/elab-2-50x32.jpg 50w, https:\/\/www.portalalerta.com.br\/wp-content\/uploads\/2017\/11\/elab-2-116x75.jpg 116w\" sizes=\"(max-width: 310px) 100vw, 310px\" \/>Os militares foram ouvidos na Delegacia de Pol\u00edcia Judici\u00e1ria Militar. O caso \u00e9 investigado pelo Ex\u00e9rcito devido a uma lei sancionada em 2017 pelo ent\u00e3o presidente Michel Temer (MDB). Inicialmente, o CML informou que os agentes tinham respondido a &#8220;injusta agress\u00e3o&#8221; de criminosos. Na manh\u00e3 desta segunda, o CML disse que identificou &#8220;inconsist\u00eancias&#8221; entre os fatos reportados pelos militares e informou que os agentes acabaram afastados.<\/p>\n<p style=\"text-align: justify;\">O autom\u00f3vel de uma fam\u00edlia foi atingido por mais de 80 disparos, segundo per\u00edcia realizada pela Pol\u00edcia Civil. As cinco pessoas que estavam no carro iam para um ch\u00e1 de beb\u00ea: Evaldo, a esposa, o filho de 7 anos, o sogro de Evaldo (padastro da esposa) e outra mulher. Evaldo dos Santos Rosa, de 51 anos, morreu na hora. O sogro dele, S\u00e9rgio, foi baleado nos gl\u00fateos. Seu quadro era est\u00e1vel. A esposa, o filho de 7 anos e a amiga n\u00e3o se feriram. Um pedestre que passava no local tamb\u00e9m ficou ferido ao tentar ajudar. Ainda n\u00e3o h\u00e1 informa\u00e7\u00f5es sobre seu estado de sa\u00fade.<\/p>\n<p style=\"text-align: justify;\">A Pol\u00edcia Civil realizou a per\u00edcia no local porque os militares tiveram dificuldade em realiz\u00e1-la, segundo o delegado, devido \u00e0 revolta dos moradores que testemunharam o crime.<\/p>\n<p style=\"text-align: justify;\"><em>Fonte: Boc\u00e3o News<\/em><\/p>\n","protected":false},"excerpt":{"rendered":"<p>O Comando Militar do Leste (CML) informou, na manh\u00e3 desta segunda-feira (8), que prendeu dez dos 12 militares ouvidos ap\u00f3s a a\u00e7\u00e3o do Ex\u00e9rcito que matou o m\u00fasico Evaldo dos Santos Rosa em Guadalupe, na Zona Oeste do Rio, na v\u00e9spera, que teve seu carro fuzilado com mais de 80 tiros. A Pol\u00edcia Civil diz &hellip;<\/p>\n","protected":false},"author":2,"featured_media":15984,"comment_status":"open","ping_status":"open","sticky":false,"template":"","format":"standard","meta":{"om_disable_all_campaigns":false,"_monsterinsights_skip_tracking":false,"_monsterinsights_sitenote_active":false,"_monsterinsights_sitenote_note":"","_monsterinsights_sitenote_category":0,"footnotes":""},"categories":[34,70,69,22],"tags":[93,583,2529,334,2109,300,397],"class_list":["post-15983","post","type-post","status-publish","format-standard","has-post-thumbnail","hentry","category-brasil","category-destaques","category-noticias2","category-seguranca","tag-brasil","tag-exercito","tag-fuzilamento","tag-morto","tag-musico","tag-rio-de-janeiro","tag-seguranca"],"aioseo_notices":[],"_links":{"self":[{"href":"https:\/\/www.portalalerta.com.br\/index.php\/wp-json\/wp\/v2\/posts\/15983","targetHints":{"allow":["GET"]}}],"collection":[{"href":"https:\/\/www.portalalerta.com.br\/index.php\/wp-json\/wp\/v2\/posts"}],"about":[{"href":"https:\/\/www.portalalerta.com.br\/index.php\/wp-json\/wp\/v2\/types\/post"}],"author":[{"embeddable":true,"href":"https:\/\/www.portalalerta.com.br\/index.php\/wp-json\/wp\/v2\/users\/2"}],"replies":[{"embeddable":true,"href":"https:\/\/www.portalalerta.com.br\/index.php\/wp-json\/wp\/v2\/comments?post=15983"}],"version-history":[{"count":0,"href":"https:\/\/www.portalalerta.com.br\/index.php\/wp-json\/wp\/v2\/posts\/15983\/revisions"}],"wp:featuredmedia":[{"embeddable":true,"href":"https:\/\/www.portalalerta.com.br\/index.php\/wp-json\/wp\/v2\/media\/15984"}],"wp:attachment":[{"href":"https:\/\/www.portalalerta.com.br\/index.php\/wp-json\/wp\/v2\/media?parent=15983"}],"wp:term":[{"taxonomy":"category","embeddable":true,"href":"https:\/\/www.portalalerta.com.br\/index.php\/wp-json\/wp\/v2\/categories?post=15983"},{"taxonomy":"post_tag","embeddable":true,"href":"https:\/\/www.portalalerta.com.br\/index.php\/wp-json\/wp\/v2\/tags?post=15983"}],"curies":[{"name":"wp","href":"https:\/\/api.w.org\/{rel}","templated":true}]}}