{"id":15986,"date":"2019-04-08T22:56:54","date_gmt":"2019-04-09T01:56:54","guid":{"rendered":"http:\/\/www.portalalerta.com.br\/?p=15986"},"modified":"2019-04-08T22:56:54","modified_gmt":"2019-04-09T01:56:54","slug":"governador-manda-exonerar-preso-por-integrar-quadrilha-que-tinha-cargo-no-detran","status":"publish","type":"post","link":"https:\/\/www.portalalerta.com.br\/index.php\/2019\/04\/08\/governador-manda-exonerar-preso-por-integrar-quadrilha-que-tinha-cargo-no-detran\/","title":{"rendered":"Governador manda exonerar preso por integrar quadrilha que tinha cargo no Detran"},"content":{"rendered":"<p style=\"text-align: justify;\">O governador Rui Costa (PT) determinou a imediata exonera\u00e7\u00e3o do pregoeiro oficial do Detran, Carlos Alessandro Lins e Silva, preso em novembro de 2013 por suspeita de participar de um esquema de fraudes banc\u00e1rias na Bahia, Rio de Janeiro, Paran\u00e1 e Esp\u00edrito Santo.<!--more--><\/p>\n<p style=\"text-align: justify;\"><img fetchpriority=\"high\" decoding=\"async\" class=\"size-thumbnail wp-image-15910 alignleft\" src=\"http:\/\/www.portalalerta.com.br\/wp-content\/uploads\/2019\/04\/Auto-Escola-Nobre-Promo\u00e7\u00e3o-360x240.jpeg\" alt=\"\" width=\"360\" height=\"240\" srcset=\"https:\/\/www.portalalerta.com.br\/wp-content\/uploads\/2019\/04\/Auto-Escola-Nobre-Promo\u00e7\u00e3o-360x240.jpeg 360w, https:\/\/www.portalalerta.com.br\/wp-content\/uploads\/2019\/04\/Auto-Escola-Nobre-Promo\u00e7\u00e3o-219x146.jpeg 219w, https:\/\/www.portalalerta.com.br\/wp-content\/uploads\/2019\/04\/Auto-Escola-Nobre-Promo\u00e7\u00e3o-50x33.jpeg 50w, https:\/\/www.portalalerta.com.br\/wp-content\/uploads\/2019\/04\/Auto-Escola-Nobre-Promo\u00e7\u00e3o-113x75.jpeg 113w, https:\/\/www.portalalerta.com.br\/wp-content\/uploads\/2019\/04\/Auto-Escola-Nobre-Promo\u00e7\u00e3o.jpeg 600w\" sizes=\"(max-width: 360px) 100vw, 360px\" \/>Fontes pr\u00f3ximas ao governador afirmaram \u00e0 Sat\u00e9lite que a decis\u00e3o foi tomada ap\u00f3s a coluna revelar, na \u00faltima edi\u00e7\u00e3o, que Lins e Silva estava h\u00e1 pelo menos um ano \u00e0 frente do setor de licita\u00e7\u00f5es do Detran, al\u00e9m de coordenar a fiscaliza\u00e7\u00e3o das cl\u00ednicas de tr\u00e2nsito conveniadas ao \u00f3rg\u00e3o. Apontado como integrante de uma quadrilha especializada em obter empr\u00e9stimos fraudulentos por meio de empresas de fachada, Lins e Silva foi capturado em um apartamento da Pituba, durante opera\u00e7\u00e3o comandada pela Pol\u00edcia Civil do Rio.<\/p>\n<p style=\"text-align: justify;\"><strong>Escada aberta<\/strong><\/p>\n<p style=\"text-align: justify;\">R\u00e9u em a\u00e7\u00e3o penal por lavagem de dinheiro e crimes contra o sistema financeiro nacional na Justi\u00e7a Federal do Rio, Lins e Silva teria ganhado espa\u00e7o no per\u00edodo em que o Detran estava \u00a0sob controle do Podemos.<\/p>\n<p style=\"text-align: justify;\"><em>Fonte: Gazeta do Mel<\/em><\/p>\n<p style=\"text-align: justify;\"><em>Com informa\u00e7\u00f5es: Correio da Bahia<\/em><\/p>\n","protected":false},"excerpt":{"rendered":"<p>O governador Rui Costa (PT) determinou a imediata exonera\u00e7\u00e3o do pregoeiro oficial do Detran, Carlos Alessandro Lins e Silva, preso em novembro de 2013 por suspeita de participar de um esquema de fraudes banc\u00e1rias na Bahia, Rio de Janeiro, Paran\u00e1 e Esp\u00edrito Santo.<\/p>\n","protected":false},"author":2,"featured_media":15987,"comment_status":"open","ping_status":"open","sticky":false,"template":"","format":"standard","meta":{"om_disable_all_campaigns":false,"_monsterinsights_skip_tracking":false,"_monsterinsights_sitenote_active":false,"_monsterinsights_sitenote_note":"","_monsterinsights_sitenote_category":0,"footnotes":""},"categories":[33,70,69,21],"tags":[54,319,517,283,282],"class_list":["post-15986","post","type-post","status-publish","format-standard","has-post-thumbnail","hentry","category-bahia","category-destaques","category-noticias2","category-politica","tag-bahia","tag-detran","tag-exoneracao","tag-governador","tag-rui-costa"],"aioseo_notices":[],"_links":{"self":[{"href":"https:\/\/www.portalalerta.com.br\/index.php\/wp-json\/wp\/v2\/posts\/15986","targetHints":{"allow":["GET"]}}],"collection":[{"href":"https:\/\/www.portalalerta.com.br\/index.php\/wp-json\/wp\/v2\/posts"}],"about":[{"href":"https:\/\/www.portalalerta.com.br\/index.php\/wp-json\/wp\/v2\/types\/post"}],"author":[{"embeddable":true,"href":"https:\/\/www.portalalerta.com.br\/index.php\/wp-json\/wp\/v2\/users\/2"}],"replies":[{"embeddable":true,"href":"https:\/\/www.portalalerta.com.br\/index.php\/wp-json\/wp\/v2\/comments?post=15986"}],"version-history":[{"count":0,"href":"https:\/\/www.portalalerta.com.br\/index.php\/wp-json\/wp\/v2\/posts\/15986\/revisions"}],"wp:featuredmedia":[{"embeddable":true,"href":"https:\/\/www.portalalerta.com.br\/index.php\/wp-json\/wp\/v2\/media\/15987"}],"wp:attachment":[{"href":"https:\/\/www.portalalerta.com.br\/index.php\/wp-json\/wp\/v2\/media?parent=15986"}],"wp:term":[{"taxonomy":"category","embeddable":true,"href":"https:\/\/www.portalalerta.com.br\/index.php\/wp-json\/wp\/v2\/categories?post=15986"},{"taxonomy":"post_tag","embeddable":true,"href":"https:\/\/www.portalalerta.com.br\/index.php\/wp-json\/wp\/v2\/tags?post=15986"}],"curies":[{"name":"wp","href":"https:\/\/api.w.org\/{rel}","templated":true}]}}