{"id":15989,"date":"2019-04-08T22:57:24","date_gmt":"2019-04-09T01:57:24","guid":{"rendered":"http:\/\/www.portalalerta.com.br\/?p=15989"},"modified":"2019-04-08T22:57:24","modified_gmt":"2019-04-09T01:57:24","slug":"brumadinho-numero-de-mortes-confirmadas-sobe-para-224","status":"publish","type":"post","link":"https:\/\/www.portalalerta.com.br\/index.php\/2019\/04\/08\/brumadinho-numero-de-mortes-confirmadas-sobe-para-224\/","title":{"rendered":"Brumadinho: n\u00famero de mortes confirmadas sobe para 224"},"content":{"rendered":"<p style=\"text-align: justify;\">A Defesa Civil de Minas Gerais atualizou para 224 o n\u00famero de mortes confirmadas ap\u00f3s o rompimento de uma barragem de rejeitos da mineradora Vale em Brumadinho, na regi\u00e3o metropolitana de Belo Horizonte. Um total de 69 pessoas seguem desaparecidas.\u00a0<!--more--><\/p>\n<p style=\"text-align: justify;\">A barragem da Mina do C\u00f3rrego do Feij\u00e3o rompeu-se em 25 de janeiro deste ano. A trag\u00e9dia de Brumadinho ocasionou, al\u00e9m da morte de funcion\u00e1rios da mineradora e moradores da cidade, a contamina\u00e7\u00e3o do Rio Paraopeba, que passou a apresentar n\u00edvel de cobre 600 vezes maior do que o normal, conforme apurou a Funda\u00e7\u00e3o SOS Mata Atl\u00e2ntica. O rio era respons\u00e1vel por 43% do abastecimento p\u00fablico da regi\u00e3o metropolitana de Belo Horizonte.<\/p>\n<p style=\"text-align: justify;\"><img fetchpriority=\"high\" decoding=\"async\" class=\"size-full wp-image-2867 aligncenter\" src=\"http:\/\/www.portalalerta.com.br\/wp-content\/uploads\/2017\/11\/protege-1.jpg\" alt=\"\" width=\"600\" height=\"140\" \/>Ap\u00f3s o rompimento da barragem da Mina do C\u00f3rrego do Feij\u00e3o, a mineradora atualizou a situa\u00e7\u00e3o de outras barragens. Desde ent\u00e3o, o receio de novas trag\u00e9dias fez com que mineradoras passassem a reavaliar suas estruturas em todo o pa\u00eds e a aumentar o fator de seguran\u00e7a de algumas delas, de um para dois. No in\u00edcio de abril, a Vale afirmou que 17 de suas barragens n\u00e3o tinham declara\u00e7\u00e3o de estabilidade v\u00e1lida.<\/p>\n<p style=\"text-align: justify;\">Al\u00e9m de Brumadinho, j\u00e1 foram evacuadas pela Vale comunidades nas cidades mineiras de Rio Preto, Bar\u00e3o de Cocais, Nova Lima e Ouro Preto. Moradores tamb\u00e9m j\u00e1 foram retirados de suas casas nos munic\u00edpios mineiros de Itatiaiu\u00e7u, devido aos riscos envolvendo uma estrutura da Arcellor Mittal, e de Rio Acima, ap\u00f3s problema constatado pela empresa Min\u00e9rios Nacional.<\/p>\n<p style=\"text-align: justify;\"><strong>Processos &#8211;\u00a0<\/strong>Em decorr\u00eancia do epis\u00f3dio, a Vale responde a processo na Justi\u00e7a para repara\u00e7\u00e3o dos danos \u00e0s v\u00edtimas e ao meio ambiente. A empresa j\u00e1 teve mais de R$ 13 bilh\u00f5es bloqueados por decis\u00e3o judicial.<\/p>\n<p style=\"text-align: justify;\">Em mar\u00e7o, representantes do Minist\u00e9rio P\u00fablico de Minas Gerais (MPMG) denunciaram em audi\u00eancia na Assembleia Legislativa de Minas Gerais que a mineradora estava atrasando pagamentos emergenciais \u00e0s fam\u00edlias afetadas.<\/p>\n<p style=\"text-align: justify;\"><em>Fonte: Boc\u00e3o News<\/em><\/p>\n","protected":false},"excerpt":{"rendered":"<p>A Defesa Civil de Minas Gerais atualizou para 224 o n\u00famero de mortes confirmadas ap\u00f3s o rompimento de uma barragem de rejeitos da mineradora Vale em Brumadinho, na regi\u00e3o metropolitana de Belo Horizonte. Um total de 69 pessoas seguem desaparecidas.\u00a0<\/p>\n","protected":false},"author":2,"featured_media":14009,"comment_status":"open","ping_status":"open","sticky":false,"template":"","format":"standard","meta":{"om_disable_all_campaigns":false,"_monsterinsights_skip_tracking":false,"_monsterinsights_sitenote_active":false,"_monsterinsights_sitenote_note":"","_monsterinsights_sitenote_category":0,"footnotes":""},"categories":[34,70,69],"tags":[93,2127,357,439,2134,2155,2128],"class_list":["post-15989","post","type-post","status-publish","format-standard","has-post-thumbnail","hentry","category-brasil","category-destaques","category-noticias2","tag-brasil","tag-brumadinho","tag-minas-gerais","tag-mortes","tag-rompimento-de-barragem","tag-tragedia","tag-vale"],"aioseo_notices":[],"_links":{"self":[{"href":"https:\/\/www.portalalerta.com.br\/index.php\/wp-json\/wp\/v2\/posts\/15989","targetHints":{"allow":["GET"]}}],"collection":[{"href":"https:\/\/www.portalalerta.com.br\/index.php\/wp-json\/wp\/v2\/posts"}],"about":[{"href":"https:\/\/www.portalalerta.com.br\/index.php\/wp-json\/wp\/v2\/types\/post"}],"author":[{"embeddable":true,"href":"https:\/\/www.portalalerta.com.br\/index.php\/wp-json\/wp\/v2\/users\/2"}],"replies":[{"embeddable":true,"href":"https:\/\/www.portalalerta.com.br\/index.php\/wp-json\/wp\/v2\/comments?post=15989"}],"version-history":[{"count":0,"href":"https:\/\/www.portalalerta.com.br\/index.php\/wp-json\/wp\/v2\/posts\/15989\/revisions"}],"wp:featuredmedia":[{"embeddable":true,"href":"https:\/\/www.portalalerta.com.br\/index.php\/wp-json\/wp\/v2\/media\/14009"}],"wp:attachment":[{"href":"https:\/\/www.portalalerta.com.br\/index.php\/wp-json\/wp\/v2\/media?parent=15989"}],"wp:term":[{"taxonomy":"category","embeddable":true,"href":"https:\/\/www.portalalerta.com.br\/index.php\/wp-json\/wp\/v2\/categories?post=15989"},{"taxonomy":"post_tag","embeddable":true,"href":"https:\/\/www.portalalerta.com.br\/index.php\/wp-json\/wp\/v2\/tags?post=15989"}],"curies":[{"name":"wp","href":"https:\/\/api.w.org\/{rel}","templated":true}]}}