{"id":15991,"date":"2019-04-08T22:57:53","date_gmt":"2019-04-09T01:57:53","guid":{"rendered":"http:\/\/www.portalalerta.com.br\/?p=15991"},"modified":"2019-04-08T22:57:53","modified_gmt":"2019-04-09T01:57:53","slug":"invasoes-de-moradias-do-minha-casa-minha-vida-sao-investigadas-na-bahia","status":"publish","type":"post","link":"https:\/\/www.portalalerta.com.br\/index.php\/2019\/04\/08\/invasoes-de-moradias-do-minha-casa-minha-vida-sao-investigadas-na-bahia\/","title":{"rendered":"Invas\u00f5es de moradias do Minha Casa Minha Vida s\u00e3o investigadas na Bahia"},"content":{"rendered":"<p style=\"text-align: justify;\">Invas\u00f5es de apartamentos que integram o Minha Casa Minha Vida, programa residencial do Governo Federal, ser\u00e3o investigadas pelo Minist\u00e9rio P\u00fablico Federal (MPF), na Bahia.<!--more--><\/p>\n<p style=\"text-align: justify;\">De acordo com Portaria publicada no \u00faltimo dia 28, assinada pelo\u00a0procurador da Rep\u00fablica Leandro Bastos Nunes,\u00a0um inqu\u00e9rito civil foi instaurado para \u201capurar eventuais irregularidades referentes ao remanejamento de benefici\u00e1rios para outras unidades habitacionais, em virtude de supostas invas\u00f5es e\/ou amea\u00e7as\u201d. Por meio da portaria, foi solicitado um posicionamento da ger\u00eancia de Habita\u00e7\u00e3o da Caixa Econ\u00f4mica Federal de Salvador.<\/p>\n<p style=\"text-align: justify;\">Procurada pela reportagem,\u00a0a assessoria da Caixa informou que \u201csegue todas as regulamenta\u00e7\u00f5es do Programa Minha Casa Minha Vida e atende \u00e0s solicita\u00e7\u00f5es do Minist\u00e9rio P\u00fablico Federal\u201d. Segundo a Caixa, caso fique comprovada a ocupa\u00e7\u00e3o irregular do im\u00f3vel por terceiros, a Caixa protocola not\u00edcia-crime na Pol\u00edcia Federal e adota medidas judiciais cab\u00edveis.<\/p>\n<p style=\"text-align: justify;\"><img fetchpriority=\"high\" decoding=\"async\" class=\"size-thumbnail wp-image-15254 aligncenter\" src=\"http:\/\/www.portalalerta.com.br\/wp-content\/uploads\/2019\/03\/Real-Estilo-e-Voc\u00ea-633x240.jpeg\" alt=\"\" width=\"633\" height=\"240\" srcset=\"https:\/\/www.portalalerta.com.br\/wp-content\/uploads\/2019\/03\/Real-Estilo-e-Voc\u00ea-633x240.jpeg 633w, https:\/\/www.portalalerta.com.br\/wp-content\/uploads\/2019\/03\/Real-Estilo-e-Voc\u00ea-260x99.jpeg 260w, https:\/\/www.portalalerta.com.br\/wp-content\/uploads\/2019\/03\/Real-Estilo-e-Voc\u00ea-50x19.jpeg 50w, https:\/\/www.portalalerta.com.br\/wp-content\/uploads\/2019\/03\/Real-Estilo-e-Voc\u00ea-150x57.jpeg 150w, https:\/\/www.portalalerta.com.br\/wp-content\/uploads\/2019\/03\/Real-Estilo-e-Voc\u00ea.jpeg 720w\" sizes=\"(max-width: 633px) 100vw, 633px\" \/><br \/>\n<strong>Casos<\/strong><br \/>\nNos \u00faltimos anos, alguns casos de invas\u00f5es de resid\u00eancias do programa t\u00eam sido relatados por benefici\u00e1rios. Em Cama\u00e7ari, na regi\u00e3o metropolitana de Salvador, a Pol\u00edcia Militar chegou a realizar uma opera\u00e7\u00e3o de fiscaliza\u00e7\u00e3o e orienta\u00e7\u00e3o em condom\u00ednios do programa, em maio do ano passado. As a\u00e7\u00f5es ocorreram nos conjuntos S\u00edtio Verde e Verde Horizonte, no bairro Verde Horizonte. Na \u00e9poca, 23 pessoas ficaram impossibilitadas de entrar em suas casas, pois as resid\u00eancias foram ocupadas irregularmente.<\/p>\n<p style=\"text-align: justify;\">Em Feira de Santana, a cerca de 108 km da capital baiana, tamb\u00e9m ocorreu caso semelhante no ano de 2014. O residencial Avi\u00e1rio II teve 340 apartamentos invadidos. No mesmo ano, cerca de 100 fam\u00edlias ocuparam apartamentos de um conjunto no bairro de Fazenda Grande III, em Salvador. Na \u00e9poca, as fam\u00edlias disseram que estavam inscritas no programa h\u00e1 cinco anos, e como n\u00e3o sabiam quando iriam receber o im\u00f3vel, decidiram invadir o condom\u00ednio destinado a outras pessoas.<\/p>\n<p style=\"text-align: justify;\"><em>Fonte: Boc\u00e3o News<\/em><\/p>\n","protected":false},"excerpt":{"rendered":"<p>Invas\u00f5es de apartamentos que integram o Minha Casa Minha Vida, programa residencial do Governo Federal, ser\u00e3o investigadas pelo Minist\u00e9rio P\u00fablico Federal (MPF), na Bahia.<\/p>\n","protected":false},"author":2,"featured_media":15992,"comment_status":"open","ping_status":"open","sticky":false,"template":"","format":"standard","meta":{"om_disable_all_campaigns":false,"_monsterinsights_skip_tracking":false,"_monsterinsights_sitenote_active":false,"_monsterinsights_sitenote_note":"","_monsterinsights_sitenote_category":0,"footnotes":""},"categories":[33,70,69],"tags":[54,377,2531,298,270,396,440,330],"class_list":["post-15991","post","type-post","status-publish","format-standard","has-post-thumbnail","hentry","category-bahia","category-destaques","category-noticias2","tag-bahia","tag-feira-de-santana","tag-invasao","tag-investigacao","tag-justica","tag-minha-casa-minha-vida","tag-mpf","tag-salvador"],"aioseo_notices":[],"_links":{"self":[{"href":"https:\/\/www.portalalerta.com.br\/index.php\/wp-json\/wp\/v2\/posts\/15991","targetHints":{"allow":["GET"]}}],"collection":[{"href":"https:\/\/www.portalalerta.com.br\/index.php\/wp-json\/wp\/v2\/posts"}],"about":[{"href":"https:\/\/www.portalalerta.com.br\/index.php\/wp-json\/wp\/v2\/types\/post"}],"author":[{"embeddable":true,"href":"https:\/\/www.portalalerta.com.br\/index.php\/wp-json\/wp\/v2\/users\/2"}],"replies":[{"embeddable":true,"href":"https:\/\/www.portalalerta.com.br\/index.php\/wp-json\/wp\/v2\/comments?post=15991"}],"version-history":[{"count":0,"href":"https:\/\/www.portalalerta.com.br\/index.php\/wp-json\/wp\/v2\/posts\/15991\/revisions"}],"wp:featuredmedia":[{"embeddable":true,"href":"https:\/\/www.portalalerta.com.br\/index.php\/wp-json\/wp\/v2\/media\/15992"}],"wp:attachment":[{"href":"https:\/\/www.portalalerta.com.br\/index.php\/wp-json\/wp\/v2\/media?parent=15991"}],"wp:term":[{"taxonomy":"category","embeddable":true,"href":"https:\/\/www.portalalerta.com.br\/index.php\/wp-json\/wp\/v2\/categories?post=15991"},{"taxonomy":"post_tag","embeddable":true,"href":"https:\/\/www.portalalerta.com.br\/index.php\/wp-json\/wp\/v2\/tags?post=15991"}],"curies":[{"name":"wp","href":"https:\/\/api.w.org\/{rel}","templated":true}]}}