{"id":15994,"date":"2019-04-08T22:58:25","date_gmt":"2019-04-09T01:58:25","guid":{"rendered":"http:\/\/www.portalalerta.com.br\/?p=15994"},"modified":"2019-04-08T22:58:25","modified_gmt":"2019-04-09T01:58:25","slug":"apos-impugnacao-de-candidatura-eleicao-do-sinproerp-tera-chapa-unica","status":"publish","type":"post","link":"https:\/\/www.portalalerta.com.br\/index.php\/2019\/04\/08\/apos-impugnacao-de-candidatura-eleicao-do-sinproerp-tera-chapa-unica\/","title":{"rendered":"Ap\u00f3s impugna\u00e7\u00e3o de candidatura, elei\u00e7\u00e3o do SINPROERP ter\u00e1 chapa \u00fanica"},"content":{"rendered":"<p style=\"text-align: justify;\">Na \u00faltima quarta-feira, 03, a Comiss\u00e3o Eleitoral do Sindicato dos Profissionais de Educa\u00e7\u00e3o da Rede de Ensino do Munic\u00edpio de Ribeira do Pombal (SINPROERP) impugnou a candidatura da <a href=\"http:\/\/www.portalalerta.com.br\/index.php\/2019\/03\/21\/sinproerp-anuncia-data-das-eleicoes-para-o-proximo-quadrienio\/\"><strong>Chapa 2<\/strong><\/a> que era encabe\u00e7ada pelo professor Adelmo.<!--more--><\/p>\n<p style=\"text-align: justify;\">A decis\u00e3o teve como base o fato de os membros da referida chapa n\u00e3o terem o tempo m\u00ednimo de filia\u00e7\u00e3o, previsto do Estatuto. Diante da decis\u00e3o da Comiss\u00e3o Eleitoral, resta apenas a Chapa 1, que concorre a reelei\u00e7\u00e3o.<\/p>\n<p style=\"text-align: justify;\"><img fetchpriority=\"high\" decoding=\"async\" class=\"size-full wp-image-2902 alignleft\" src=\"http:\/\/www.portalalerta.com.br\/wp-content\/uploads\/2017\/11\/elab-2.jpg\" alt=\"\" width=\"310\" height=\"200\" srcset=\"https:\/\/www.portalalerta.com.br\/wp-content\/uploads\/2017\/11\/elab-2.jpg 310w, https:\/\/www.portalalerta.com.br\/wp-content\/uploads\/2017\/11\/elab-2-226x146.jpg 226w, https:\/\/www.portalalerta.com.br\/wp-content\/uploads\/2017\/11\/elab-2-50x32.jpg 50w, https:\/\/www.portalalerta.com.br\/wp-content\/uploads\/2017\/11\/elab-2-116x75.jpg 116w\" sizes=\"(max-width: 310px) 100vw, 310px\" \/>O PORTAL ALERTA entrou em contato com o professor Adelmo, que afirmou ter conhecimento da impugna\u00e7\u00e3o, por\u00e9m o mesmo afirma que protocolou um pedido de impugna\u00e7\u00e3o de candidatura tamb\u00e9m da chapa 1, alegando que esta realizou mudan\u00e7as no estatuto para benef\u00edcio pr\u00f3prio. Ainda segundo Adelmo, o pedido dever\u00e1 ser analisado tamb\u00e9m pela Comiss\u00e3o Eleitoral, e a decis\u00e3o dever\u00e1 ser divulgada at\u00e9 a pr\u00f3xima quarta-feira, 10.<\/p>\n<p style=\"text-align: justify;\">A reportagem tamb\u00e9m tentou estabelecer contato com a professora Joy, presidente da Comiss\u00e3o Eleitoral, o que n\u00e3o foi poss\u00edvel at\u00e9 o momento do fechamento desta mat\u00e9ria.<\/p>\n<p style=\"text-align: justify;\">As elei\u00e7\u00f5es para a Diretoria Executiva, bem como do Conselho Fiscal do SINPROERP est\u00e3o previstas para acontecer na pr\u00f3xima sexta-feira, 12.<\/p>\n<p style=\"text-align: justify;\"><a href=\"http:\/\/www.facebook.com.br\/pombalalerta\"><strong style=\"font-style: inherit;\">Curta nossa p\u00e1gina no facebook, e continue atualizado sobre tudo o que acontece em sua cidade!<\/strong><\/a><\/p>\n<p style=\"text-align: justify;\"><a href=\"https:\/\/play.google.com\/store\/apps\/details?id=com.globalstore.portalalerta\"><strong style=\"font-style: inherit;\">Baixe o NOVO APLICATIVO Portal Alerta, e fique de olho na not\u00edcia<\/strong><\/a><\/p>\n<p style=\"text-align: justify;\"><em style=\"font-weight: inherit;\">Reda\u00e7\u00e3o: Portal Alerta<\/em><\/p>\n","protected":false},"excerpt":{"rendered":"<p>Na \u00faltima quarta-feira, 03, a Comiss\u00e3o Eleitoral do Sindicato dos Profissionais de Educa\u00e7\u00e3o da Rede de Ensino do Munic\u00edpio de Ribeira do Pombal (SINPROERP) impugnou a candidatura da Chapa 2 que era encabe\u00e7ada pelo professor Adelmo.<\/p>\n","protected":false},"author":2,"featured_media":15466,"comment_status":"open","ping_status":"open","sticky":false,"template":"","format":"standard","meta":{"om_disable_all_campaigns":false,"_monsterinsights_skip_tracking":false,"_monsterinsights_sitenote_active":false,"_monsterinsights_sitenote_note":"","_monsterinsights_sitenote_category":0,"footnotes":""},"categories":[70,20,69,32,3],"tags":[1887,1808,184,47,715,1511],"class_list":["post-15994","post","type-post","status-publish","format-standard","has-post-thumbnail","hentry","category-destaques","category-educacao","category-noticias2","category-regiao","category-ribeira-do-pombal","tag-1887","tag-eleicao","tag-professores","tag-ribeira-do-pombal","tag-sindicato","tag-sinproerp"],"aioseo_notices":[],"_links":{"self":[{"href":"https:\/\/www.portalalerta.com.br\/index.php\/wp-json\/wp\/v2\/posts\/15994","targetHints":{"allow":["GET"]}}],"collection":[{"href":"https:\/\/www.portalalerta.com.br\/index.php\/wp-json\/wp\/v2\/posts"}],"about":[{"href":"https:\/\/www.portalalerta.com.br\/index.php\/wp-json\/wp\/v2\/types\/post"}],"author":[{"embeddable":true,"href":"https:\/\/www.portalalerta.com.br\/index.php\/wp-json\/wp\/v2\/users\/2"}],"replies":[{"embeddable":true,"href":"https:\/\/www.portalalerta.com.br\/index.php\/wp-json\/wp\/v2\/comments?post=15994"}],"version-history":[{"count":0,"href":"https:\/\/www.portalalerta.com.br\/index.php\/wp-json\/wp\/v2\/posts\/15994\/revisions"}],"wp:featuredmedia":[{"embeddable":true,"href":"https:\/\/www.portalalerta.com.br\/index.php\/wp-json\/wp\/v2\/media\/15466"}],"wp:attachment":[{"href":"https:\/\/www.portalalerta.com.br\/index.php\/wp-json\/wp\/v2\/media?parent=15994"}],"wp:term":[{"taxonomy":"category","embeddable":true,"href":"https:\/\/www.portalalerta.com.br\/index.php\/wp-json\/wp\/v2\/categories?post=15994"},{"taxonomy":"post_tag","embeddable":true,"href":"https:\/\/www.portalalerta.com.br\/index.php\/wp-json\/wp\/v2\/tags?post=15994"}],"curies":[{"name":"wp","href":"https:\/\/api.w.org\/{rel}","templated":true}]}}