{"id":16000,"date":"2019-04-09T10:22:56","date_gmt":"2019-04-09T13:22:56","guid":{"rendered":"http:\/\/www.portalalerta.com.br\/?p=16000"},"modified":"2019-04-09T10:24:42","modified_gmt":"2019-04-09T13:24:42","slug":"sitio-do-quintoba-moradores-do-povoado-jardim-tentam-se-recuperar-apos-perderem-tudo-em-consequencia-da-chuva","status":"publish","type":"post","link":"https:\/\/www.portalalerta.com.br\/index.php\/2019\/04\/09\/sitio-do-quintoba-moradores-do-povoado-jardim-tentam-se-recuperar-apos-perderem-tudo-em-consequencia-da-chuva\/","title":{"rendered":"S\u00edtio do Quinto(BA): moradores do Povoado Jardim tentam se recuperar ap\u00f3s perderem tudo em consequ\u00eancia da chuva"},"content":{"rendered":"<p style=\"text-align: justify;\">Moradores do pequeno povoado de Jardim, distante 25 km da sede do munic\u00edpio de S\u00edtio do Quinto no Territ\u00f3rio de Identidade Nordeste II, ainda muito abalados com a forte chuva que caiu na regi\u00e3o no inicio da noite de quarta-feira, 03, e que em poucos minutos um grande volume d\u2019\u00e1gua vindo de um riacho inundou dezenas de resid\u00eancias, tentam se recuperar emocionalmente e materialmente, pois, viveram o grande drama de terem que abandonar as casas as pressas e n\u00e3o tiveram tempo de retirar nada, a exemplo de m\u00f3veis, eletrodom\u00e9sticos, roupas, alimentos, al\u00e9m de outros bens. Felizmente n\u00e3o houve morte.<!--more--><\/p>\n<p style=\"text-align: justify;\">Os moradores pr\u00f3ximos ao posto de sa\u00fade e da igreja cat\u00f3lica onde est\u00e1 a parte mais baixa do povoado, foram os que mais sofreram com a enchente, teve resid\u00eancia que a \u00e1gua atingiu altura de 1,70m.<\/p>\n<p style=\"text-align: justify;\">A engenheira agr\u00f4noma Frandelia Andrade, residente na comunidade, disse ao CN que outra cheia semelhante a esta, embora em menor propor\u00e7\u00e3o aconteceu em 2010, segundo ela as pessoas perderam seus bens depois de terem as casas invadidas, mas na ocasi\u00e3o atingiu a parte mais baixa, desta vez o situa\u00e7\u00e3o foi mais grave quando afetou cerca de 70% do povoado.<\/p>\n<p style=\"text-align: justify;\"><img fetchpriority=\"high\" decoding=\"async\" class=\"size-full wp-image-2867 aligncenter\" src=\"http:\/\/www.portalalerta.com.br\/wp-content\/uploads\/2017\/11\/protege-1.jpg\" alt=\"\" width=\"600\" height=\"140\" \/>Um dos moradores que perdeu tudo em casa foi o senhor Jos\u00e9 Sebasti\u00e3o da Concei\u00e7\u00e3o, 50 anos, pai de 7 filhos, mas atualmente moram 4 na casa. Ele disse ao CN que no momento da chuva foi de muita afli\u00e7\u00e3o, \u201cquando come\u00e7ou eu disse a uma das filhas, cuida de arrumar alguma coisa ai que hoje a cheia vem pesada, ai fui olhar o riacho quando sai a \u00e1gua j\u00e1 vinha aqui [apontou para o quintal da casa e que a \u00e1gua j\u00e1 estava no joelho]. Jos\u00e9 disse que n\u00e3o demorou nada e o n\u00edvel da \u00e1gua j\u00e1 atingiu seu pesco\u00e7o.<\/p>\n<p style=\"text-align: justify;\">Segundo Sebasti\u00e3o n\u00e3o vai mais morar na resid\u00eancia por n\u00e3o querer passar por outras situa\u00e7\u00f5es semelhantes juntamente com a fam\u00edlia.<\/p>\n<p style=\"text-align: justify;\">Um dos moradores que perdeu tudo em casa foi o senhor Jos\u00e9 Sebasti\u00e3o da Concei\u00e7\u00e3o, 50 anos, pai de 7 filhos, mas atualmente moram 4 na casa. Ele disse ao CN que no momento da chuva foi de muita afli\u00e7\u00e3o, \u201cquando come\u00e7ou eu disse a uma das filhas, cuida de arrumar alguma coisa ai que hoje a cheia vem pesada, ai fui olhar o riacho quando sai a \u00e1gua j\u00e1 vinha aqui [apontou para o quintal da casa e que a \u00e1gua j\u00e1 estava no joelho]. Jos\u00e9 disse que n\u00e3o demorou nada e o n\u00edvel da \u00e1gua j\u00e1 atingiu seu pesco\u00e7o.<\/p>\n<p style=\"text-align: justify;\">Segundo Sebasti\u00e3o n\u00e3o vai mais morar na resid\u00eancia por n\u00e3o querer passar por outras situa\u00e7\u00f5es semelhantes juntamente com a fam\u00edlia.<\/p>\n<p style=\"text-align: justify;\"><em>Fonte: Gazeta do Mel<\/em><\/p>\n<p style=\"text-align: justify;\"><em>Com informa\u00e7\u00f5es: Calila Not\u00edcias<\/em><\/p>\n","protected":false},"excerpt":{"rendered":"<p>Moradores do pequeno povoado de Jardim, distante 25 km da sede do munic\u00edpio de S\u00edtio do Quinto no Territ\u00f3rio de Identidade Nordeste II, ainda muito abalados com a forte chuva que caiu na regi\u00e3o no inicio da noite de quarta-feira, 03, e que em poucos minutos um grande volume d\u2019\u00e1gua vindo de um riacho inundou &hellip;<\/p>\n","protected":false},"author":2,"featured_media":16001,"comment_status":"open","ping_status":"open","sticky":false,"template":"","format":"standard","meta":{"om_disable_all_campaigns":false,"_monsterinsights_skip_tracking":false,"_monsterinsights_sitenote_active":false,"_monsterinsights_sitenote_note":"","_monsterinsights_sitenote_category":0,"footnotes":""},"categories":[70,69,32,7],"tags":[1977,229,111],"class_list":["post-16000","post","type-post","status-publish","format-standard","has-post-thumbnail","hentry","category-destaques","category-noticias2","category-regiao","category-sitio-do-quinto","tag-chuvas","tag-povoado","tag-sitio-do-quinto"],"aioseo_notices":[],"_links":{"self":[{"href":"https:\/\/www.portalalerta.com.br\/index.php\/wp-json\/wp\/v2\/posts\/16000","targetHints":{"allow":["GET"]}}],"collection":[{"href":"https:\/\/www.portalalerta.com.br\/index.php\/wp-json\/wp\/v2\/posts"}],"about":[{"href":"https:\/\/www.portalalerta.com.br\/index.php\/wp-json\/wp\/v2\/types\/post"}],"author":[{"embeddable":true,"href":"https:\/\/www.portalalerta.com.br\/index.php\/wp-json\/wp\/v2\/users\/2"}],"replies":[{"embeddable":true,"href":"https:\/\/www.portalalerta.com.br\/index.php\/wp-json\/wp\/v2\/comments?post=16000"}],"version-history":[{"count":0,"href":"https:\/\/www.portalalerta.com.br\/index.php\/wp-json\/wp\/v2\/posts\/16000\/revisions"}],"wp:featuredmedia":[{"embeddable":true,"href":"https:\/\/www.portalalerta.com.br\/index.php\/wp-json\/wp\/v2\/media\/16001"}],"wp:attachment":[{"href":"https:\/\/www.portalalerta.com.br\/index.php\/wp-json\/wp\/v2\/media?parent=16000"}],"wp:term":[{"taxonomy":"category","embeddable":true,"href":"https:\/\/www.portalalerta.com.br\/index.php\/wp-json\/wp\/v2\/categories?post=16000"},{"taxonomy":"post_tag","embeddable":true,"href":"https:\/\/www.portalalerta.com.br\/index.php\/wp-json\/wp\/v2\/tags?post=16000"}],"curies":[{"name":"wp","href":"https:\/\/api.w.org\/{rel}","templated":true}]}}