{"id":16008,"date":"2019-04-09T10:25:41","date_gmt":"2019-04-09T13:25:41","guid":{"rendered":"http:\/\/www.portalalerta.com.br\/?p=16008"},"modified":"2019-04-09T10:25:41","modified_gmt":"2019-04-09T13:25:41","slug":"jovem-e-assassinado-a-tiros-em-nova-soure-ba","status":"publish","type":"post","link":"https:\/\/www.portalalerta.com.br\/index.php\/2019\/04\/09\/jovem-e-assassinado-a-tiros-em-nova-soure-ba\/","title":{"rendered":"Jovem \u00e9 assassinado \u00e0 tiros em Nova Soure-BA"},"content":{"rendered":"<p style=\"text-align: justify;\">Por volta das 21:00hs desta segunda-feira, 08, um jovem de apenas 21 anos, foi assassinado \u00e0 tiros em Nova Soure-BA.<!--more--><\/p>\n<p style=\"text-align: justify;\"><img fetchpriority=\"high\" decoding=\"async\" class=\"size-full wp-image-2902 alignleft\" src=\"http:\/\/www.portalalerta.com.br\/wp-content\/uploads\/2017\/11\/elab-2.jpg\" alt=\"\" width=\"310\" height=\"200\" srcset=\"https:\/\/www.portalalerta.com.br\/wp-content\/uploads\/2017\/11\/elab-2.jpg 310w, https:\/\/www.portalalerta.com.br\/wp-content\/uploads\/2017\/11\/elab-2-226x146.jpg 226w, https:\/\/www.portalalerta.com.br\/wp-content\/uploads\/2017\/11\/elab-2-50x32.jpg 50w, https:\/\/www.portalalerta.com.br\/wp-content\/uploads\/2017\/11\/elab-2-116x75.jpg 116w\" sizes=\"(max-width: 310px) 100vw, 310px\" \/>De acordo com informa\u00e7\u00f5es, a dupla de criminosos chegou \u00e0 Rua do Cemit\u00e9rio, local do crime, a bordo de uma motocicleta de cor preta, demais dados n\u00e3o informados, onde teriam efetuado os disparos de arma de fogo. Na ocasi\u00e3o, a dupla encontrou cerca de cinco pessoas sentadas numa cal\u00e7ada, e ap\u00f3s identificarem Doreilson de Souza Assun\u00e7\u00e3o, conhecido como Pombo, o alvejou com sete tiros.<\/p>\n<p style=\"text-align: justify;\">Assim que souberam do crime, policiais militares da cidade foram at\u00e9 o local, onde socorreram a v\u00edtima at\u00e9 o Hospital Municipal Cora\u00e7\u00e3o de Jesus, por\u00e9m de acordo com o m\u00e9dico plantonista, Doreilson j\u00e1 chegou sem os sinais vitais.<\/p>\n<p style=\"text-align: justify;\">O caso foi informado \u00e0 Pol\u00edcia Civil local, bem como ao Departamento de Pol\u00edcia T\u00e9cnica (DPT \u2013 Euclides da Cunha).<\/p>\n<figure id=\"attachment_16004\" aria-describedby=\"caption-attachment-16004\" style=\"width: 350px\" class=\"wp-caption aligncenter\"><img decoding=\"async\" class=\"wp-image-16004 size-full\" src=\"http:\/\/www.portalalerta.com.br\/wp-content\/uploads\/2019\/04\/homic\u00eddio-em-Nova-Soure-2019.jpeg\" alt=\"\" width=\"350\" height=\"300\" srcset=\"https:\/\/www.portalalerta.com.br\/wp-content\/uploads\/2019\/04\/homic\u00eddio-em-Nova-Soure-2019.jpeg 350w, https:\/\/www.portalalerta.com.br\/wp-content\/uploads\/2019\/04\/homic\u00eddio-em-Nova-Soure-2019-280x240.jpeg 280w, https:\/\/www.portalalerta.com.br\/wp-content\/uploads\/2019\/04\/homic\u00eddio-em-Nova-Soure-2019-170x146.jpeg 170w, https:\/\/www.portalalerta.com.br\/wp-content\/uploads\/2019\/04\/homic\u00eddio-em-Nova-Soure-2019-50x43.jpeg 50w, https:\/\/www.portalalerta.com.br\/wp-content\/uploads\/2019\/04\/homic\u00eddio-em-Nova-Soure-2019-88x75.jpeg 88w\" sizes=\"(max-width: 350px) 100vw, 350px\" \/><figcaption id=\"caption-attachment-16004\" class=\"wp-caption-text\">&#8220;Pombo&#8221; foi assassinado \u00e0 tiros<\/figcaption><\/figure>\n<p style=\"text-align: justify;\">Este \u00e9 o terceiro homic\u00eddio no munic\u00edpio em 2019.<\/p>\n<p style=\"text-align: justify;\"><a href=\"http:\/\/www.facebook.com.br\/pombalalerta\"><strong>Curta nossa p\u00e1gina no facebook, e continue atualizado sobre tudo o que acontece em sua cidade!<\/strong><\/a><\/p>\n<p style=\"text-align: justify;\"><a href=\"https:\/\/play.google.com\/store\/apps\/details?id=com.globalstore.portalalerta\"><strong>Baixe o NOVO APLICATIVO Portal Alerta, e fique de olho na not\u00edcia<\/strong><\/a><\/p>\n<p style=\"text-align: justify;\"><em>Reda\u00e7\u00e3o: Portal Alerta<\/em><\/p>\n","protected":false},"excerpt":{"rendered":"<p>Por volta das 21:00hs desta segunda-feira, 08, um jovem de apenas 21 anos, foi assassinado \u00e0 tiros em Nova Soure-BA.<\/p>\n","protected":false},"author":2,"featured_media":13265,"comment_status":"open","ping_status":"open","sticky":false,"template":"","format":"standard","meta":{"om_disable_all_campaigns":false,"_monsterinsights_skip_tracking":false,"_monsterinsights_sitenote_active":false,"_monsterinsights_sitenote_note":"","_monsterinsights_sitenote_category":0,"footnotes":""},"categories":[70,69,14,32,22],"tags":[375,206,995,106,79],"class_list":["post-16008","post","type-post","status-publish","format-standard","has-post-thumbnail","hentry","category-destaques","category-noticias2","category-nova-soure","category-regiao","category-seguranca","tag-disparos-de-arma-de-fogo","tag-homicidio","tag-hospital-municipal-coracao-de-jesus","tag-nova-soure","tag-policia-militar"],"aioseo_notices":[],"_links":{"self":[{"href":"https:\/\/www.portalalerta.com.br\/index.php\/wp-json\/wp\/v2\/posts\/16008","targetHints":{"allow":["GET"]}}],"collection":[{"href":"https:\/\/www.portalalerta.com.br\/index.php\/wp-json\/wp\/v2\/posts"}],"about":[{"href":"https:\/\/www.portalalerta.com.br\/index.php\/wp-json\/wp\/v2\/types\/post"}],"author":[{"embeddable":true,"href":"https:\/\/www.portalalerta.com.br\/index.php\/wp-json\/wp\/v2\/users\/2"}],"replies":[{"embeddable":true,"href":"https:\/\/www.portalalerta.com.br\/index.php\/wp-json\/wp\/v2\/comments?post=16008"}],"version-history":[{"count":0,"href":"https:\/\/www.portalalerta.com.br\/index.php\/wp-json\/wp\/v2\/posts\/16008\/revisions"}],"wp:featuredmedia":[{"embeddable":true,"href":"https:\/\/www.portalalerta.com.br\/index.php\/wp-json\/wp\/v2\/media\/13265"}],"wp:attachment":[{"href":"https:\/\/www.portalalerta.com.br\/index.php\/wp-json\/wp\/v2\/media?parent=16008"}],"wp:term":[{"taxonomy":"category","embeddable":true,"href":"https:\/\/www.portalalerta.com.br\/index.php\/wp-json\/wp\/v2\/categories?post=16008"},{"taxonomy":"post_tag","embeddable":true,"href":"https:\/\/www.portalalerta.com.br\/index.php\/wp-json\/wp\/v2\/tags?post=16008"}],"curies":[{"name":"wp","href":"https:\/\/api.w.org\/{rel}","templated":true}]}}