{"id":16012,"date":"2019-04-09T15:35:23","date_gmt":"2019-04-09T18:35:23","guid":{"rendered":"http:\/\/www.portalalerta.com.br\/?p=16012"},"modified":"2019-04-09T15:35:51","modified_gmt":"2019-04-09T18:35:51","slug":"mais-de-280-prefeitos-baianos-estao-em-brasilia","status":"publish","type":"post","link":"https:\/\/www.portalalerta.com.br\/index.php\/2019\/04\/09\/mais-de-280-prefeitos-baianos-estao-em-brasilia\/","title":{"rendered":"Mais de 280 prefeitos baianos est\u00e3o em Bras\u00edlia"},"content":{"rendered":"<p style=\"text-align: justify;\">XXII Marcha a Bras\u00edlia em Defesa dos Munic\u00edpios. O evento\u00a0acontece de 8 a 11 de abril de 2019, no Centro Internacional de Conven\u00e7\u00f5es de Bras\u00edlia &#8211; CICB.\u00a0\u00a0Realizado pela Confedera\u00e7\u00e3o Nacional de Munic\u00edpios (CNM), o evento faz parte do calend\u00e1rio municipalista nacional.\u00a0<!--more--><\/p>\n<p style=\"text-align: justify;\"><img fetchpriority=\"high\" decoding=\"async\" class=\"size-thumbnail wp-image-15910 alignleft\" src=\"http:\/\/www.portalalerta.com.br\/wp-content\/uploads\/2019\/04\/Auto-Escola-Nobre-Promo\u00e7\u00e3o-360x240.jpeg\" alt=\"\" width=\"360\" height=\"240\" srcset=\"https:\/\/www.portalalerta.com.br\/wp-content\/uploads\/2019\/04\/Auto-Escola-Nobre-Promo\u00e7\u00e3o-360x240.jpeg 360w, https:\/\/www.portalalerta.com.br\/wp-content\/uploads\/2019\/04\/Auto-Escola-Nobre-Promo\u00e7\u00e3o-219x146.jpeg 219w, https:\/\/www.portalalerta.com.br\/wp-content\/uploads\/2019\/04\/Auto-Escola-Nobre-Promo\u00e7\u00e3o-50x33.jpeg 50w, https:\/\/www.portalalerta.com.br\/wp-content\/uploads\/2019\/04\/Auto-Escola-Nobre-Promo\u00e7\u00e3o-113x75.jpeg 113w, https:\/\/www.portalalerta.com.br\/wp-content\/uploads\/2019\/04\/Auto-Escola-Nobre-Promo\u00e7\u00e3o.jpeg 600w\" sizes=\"(max-width: 360px) 100vw, 360px\" \/>O prefeito de Ricardo Maia, de Ribeira do Pombal, se faz presente com uma comitiva de nove vereadores, dos onze, de sua base de sustenta\u00e7\u00e3o. Al\u00e9m de participar do evento, diversas visitas a Minist\u00e9rios est\u00e3o programadas, em busca de libera\u00e7\u00e3o de recursos para o munic\u00edpio. Presen\u00e7a tamb\u00e9m em Brasilia de: Luciano Pinheiro, prefeito de Euclides da Cunha; Paulo Sergio, prefeito de Adustina; Cassinho, prefeito de Nova Soure; Abel Ara\u00fajo, prefeito de Cip\u00f3; Germano Santana, prefeito de Ribeira do Amparo. O munic\u00edpio de Banza\u00ea est\u00e1 sendo representado por Marcos Alves (Marc\u00e3o), Secret\u00e1rio de Governo.<\/p>\n<p style=\"text-align: justify;\">\u201cA Macha \u00e9 a oportunidade que temos para levar nossas demandas e mostrar a for\u00e7a da nossa uni\u00e3o. A Bahia sempre tem um grande n\u00famero de inscritos no evento e esse ano n\u00e3o ser\u00e1 diferente\u201d, disse Eures Ribeiro, vice-presidente da CNM, presidente da Uni\u00e3o dos Munic\u00edpios da Bahia (UPB) e prefeito de Bom Jesus da Lapa.<\/p>\n<p style=\"text-align: justify;\">O diferencial de 2019 \u00e9 que a Marcha ser\u00e1 marcada pelo encontro dos municipalistas brasileiros com o novo Governo Federal e Congresso Nacional eleitos para o per\u00edodo 2019\/2022. Por isso ela foi agendada para coincidir com os 100 dias de vig\u00eancia dessa nova gest\u00e3o, de forma que a mesma j\u00e1 ter\u00e1 tomado conhecimento de pautas priorit\u00e1rias e vai poder anunciar os rumos da administra\u00e7\u00e3o conectados \u00e0s pol\u00edticas p\u00fablicas municipais.<\/p>\n<p style=\"text-align: justify;\"><em>Fonte: Joilson Costa<\/em><\/p>\n<p style=\"text-align: justify;\"><em>Com informa\u00e7\u00f5es: UPB<\/em><\/p>\n","protected":false},"excerpt":{"rendered":"<p>XXII Marcha a Bras\u00edlia em Defesa dos Munic\u00edpios. O evento\u00a0acontece de 8 a 11 de abril de 2019, no Centro Internacional de Conven\u00e7\u00f5es de Bras\u00edlia &#8211; CICB.\u00a0\u00a0Realizado pela Confedera\u00e7\u00e3o Nacional de Munic\u00edpios (CNM), o evento faz parte do calend\u00e1rio municipalista nacional.\u00a0<\/p>\n","protected":false},"author":2,"featured_media":16027,"comment_status":"open","ping_status":"open","sticky":false,"template":"","format":"standard","meta":{"om_disable_all_campaigns":false,"_monsterinsights_skip_tracking":false,"_monsterinsights_sitenote_active":false,"_monsterinsights_sitenote_note":"","_monsterinsights_sitenote_category":0,"footnotes":""},"categories":[40,33,39,13,70,17,69,14,21,32,16,3],"tags":[100,54,49,786,45,129,2532,106,199,88,47],"class_list":["post-16012","post","type-post","status-publish","format-standard","has-post-thumbnail","hentry","category-adustina","category-bahia","category-banzae","category-cipo","category-destaques","category-euclides-da-cunha","category-noticias2","category-nova-soure","category-politica","category-regiao","category-ribeira-do-amparo","category-ribeira-do-pombal","tag-adustina","tag-bahia","tag-banzae","tag-brasilia","tag-cipo","tag-euclides-da-cunha","tag-marcha-dos-prefeitos","tag-nova-soure","tag-politica","tag-ribeira-do-amparo","tag-ribeira-do-pombal"],"aioseo_notices":[],"_links":{"self":[{"href":"https:\/\/www.portalalerta.com.br\/index.php\/wp-json\/wp\/v2\/posts\/16012","targetHints":{"allow":["GET"]}}],"collection":[{"href":"https:\/\/www.portalalerta.com.br\/index.php\/wp-json\/wp\/v2\/posts"}],"about":[{"href":"https:\/\/www.portalalerta.com.br\/index.php\/wp-json\/wp\/v2\/types\/post"}],"author":[{"embeddable":true,"href":"https:\/\/www.portalalerta.com.br\/index.php\/wp-json\/wp\/v2\/users\/2"}],"replies":[{"embeddable":true,"href":"https:\/\/www.portalalerta.com.br\/index.php\/wp-json\/wp\/v2\/comments?post=16012"}],"version-history":[{"count":0,"href":"https:\/\/www.portalalerta.com.br\/index.php\/wp-json\/wp\/v2\/posts\/16012\/revisions"}],"wp:featuredmedia":[{"embeddable":true,"href":"https:\/\/www.portalalerta.com.br\/index.php\/wp-json\/wp\/v2\/media\/16027"}],"wp:attachment":[{"href":"https:\/\/www.portalalerta.com.br\/index.php\/wp-json\/wp\/v2\/media?parent=16012"}],"wp:term":[{"taxonomy":"category","embeddable":true,"href":"https:\/\/www.portalalerta.com.br\/index.php\/wp-json\/wp\/v2\/categories?post=16012"},{"taxonomy":"post_tag","embeddable":true,"href":"https:\/\/www.portalalerta.com.br\/index.php\/wp-json\/wp\/v2\/tags?post=16012"}],"curies":[{"name":"wp","href":"https:\/\/api.w.org\/{rel}","templated":true}]}}