{"id":16017,"date":"2019-04-09T15:37:54","date_gmt":"2019-04-09T18:37:54","guid":{"rendered":"http:\/\/www.portalalerta.com.br\/?p=16017"},"modified":"2019-04-09T15:37:54","modified_gmt":"2019-04-09T18:37:54","slug":"cipe-nordeste-e-homenageada-com-mocao-de-aplausos-concedida-pela-camara-municipal-de-coite-ba","status":"publish","type":"post","link":"https:\/\/www.portalalerta.com.br\/index.php\/2019\/04\/09\/cipe-nordeste-e-homenageada-com-mocao-de-aplausos-concedida-pela-camara-municipal-de-coite-ba\/","title":{"rendered":"CIPE Nordeste \u00e9 homenageada com Mo\u00e7\u00e3o de Aplausos concedida pela C\u00e2mara Municipal de Coit\u00e9-BA"},"content":{"rendered":"<p style=\"text-align: justify;\">A CIPE NORDESTE foi homenageada, na noite desta segunda-feira, 08\/04\/2019, com a Mo\u00e7\u00e3o de Aplausos pela C\u00e2mara de Vereadores da cidade de Concei\u00e7\u00e3o do Coit\u00e9-BA.<!--more--><\/p>\n<p style=\"text-align: justify;\"><img fetchpriority=\"high\" decoding=\"async\" class=\"size-thumbnail wp-image-15254 aligncenter\" src=\"http:\/\/www.portalalerta.com.br\/wp-content\/uploads\/2019\/03\/Real-Estilo-e-Voc\u00ea-633x240.jpeg\" alt=\"\" width=\"633\" height=\"240\" srcset=\"https:\/\/www.portalalerta.com.br\/wp-content\/uploads\/2019\/03\/Real-Estilo-e-Voc\u00ea-633x240.jpeg 633w, https:\/\/www.portalalerta.com.br\/wp-content\/uploads\/2019\/03\/Real-Estilo-e-Voc\u00ea-260x99.jpeg 260w, https:\/\/www.portalalerta.com.br\/wp-content\/uploads\/2019\/03\/Real-Estilo-e-Voc\u00ea-50x19.jpeg 50w, https:\/\/www.portalalerta.com.br\/wp-content\/uploads\/2019\/03\/Real-Estilo-e-Voc\u00ea-150x57.jpeg 150w, https:\/\/www.portalalerta.com.br\/wp-content\/uploads\/2019\/03\/Real-Estilo-e-Voc\u00ea.jpeg 720w\" sizes=\"(max-width: 633px) 100vw, 633px\" \/>A Mo\u00e7\u00e3o foi proposta pelo vereador Ivaldo Ara\u00fajo Almeida pelos relevantes servi\u00e7os prestados pela Corpora\u00e7\u00e3o \u00e0 comunidade coiteense.<\/p>\n<p style=\"text-align: justify;\"><em>Fonte: SECOM\/ CIPE Nordeste<\/em><\/p>\n","protected":false},"excerpt":{"rendered":"<p>A CIPE NORDESTE foi homenageada, na noite desta segunda-feira, 08\/04\/2019, com a Mo\u00e7\u00e3o de Aplausos pela C\u00e2mara de Vereadores da cidade de Concei\u00e7\u00e3o do Coit\u00e9-BA.<\/p>\n","protected":false},"author":2,"featured_media":16018,"comment_status":"open","ping_status":"open","sticky":false,"template":"","format":"standard","meta":{"om_disable_all_campaigns":false,"_monsterinsights_skip_tracking":false,"_monsterinsights_sitenote_active":false,"_monsterinsights_sitenote_note":"","_monsterinsights_sitenote_category":0,"footnotes":""},"categories":[33,70,69,22],"tags":[211,167,700,1748,79],"class_list":["post-16017","post","type-post","status-publish","format-standard","has-post-thumbnail","hentry","category-bahia","category-destaques","category-noticias2","category-seguranca","tag-camara-de-vereadores","tag-cipe-nordeste","tag-conceicao-do-coite","tag-mocao-de-aplausos","tag-policia-militar"],"aioseo_notices":[],"_links":{"self":[{"href":"https:\/\/www.portalalerta.com.br\/index.php\/wp-json\/wp\/v2\/posts\/16017","targetHints":{"allow":["GET"]}}],"collection":[{"href":"https:\/\/www.portalalerta.com.br\/index.php\/wp-json\/wp\/v2\/posts"}],"about":[{"href":"https:\/\/www.portalalerta.com.br\/index.php\/wp-json\/wp\/v2\/types\/post"}],"author":[{"embeddable":true,"href":"https:\/\/www.portalalerta.com.br\/index.php\/wp-json\/wp\/v2\/users\/2"}],"replies":[{"embeddable":true,"href":"https:\/\/www.portalalerta.com.br\/index.php\/wp-json\/wp\/v2\/comments?post=16017"}],"version-history":[{"count":0,"href":"https:\/\/www.portalalerta.com.br\/index.php\/wp-json\/wp\/v2\/posts\/16017\/revisions"}],"wp:featuredmedia":[{"embeddable":true,"href":"https:\/\/www.portalalerta.com.br\/index.php\/wp-json\/wp\/v2\/media\/16018"}],"wp:attachment":[{"href":"https:\/\/www.portalalerta.com.br\/index.php\/wp-json\/wp\/v2\/media?parent=16017"}],"wp:term":[{"taxonomy":"category","embeddable":true,"href":"https:\/\/www.portalalerta.com.br\/index.php\/wp-json\/wp\/v2\/categories?post=16017"},{"taxonomy":"post_tag","embeddable":true,"href":"https:\/\/www.portalalerta.com.br\/index.php\/wp-json\/wp\/v2\/tags?post=16017"}],"curies":[{"name":"wp","href":"https:\/\/api.w.org\/{rel}","templated":true}]}}