{"id":16158,"date":"2019-04-13T16:35:42","date_gmt":"2019-04-13T19:35:42","guid":{"rendered":"http:\/\/www.portalalerta.com.br\/?p=16158"},"modified":"2019-04-13T16:35:42","modified_gmt":"2019-04-13T19:35:42","slug":"em-eleicao-polemica-professor-adielton-e-reeleito-presidente-do-sinproerp-em-ribeira-do-pombal-ba","status":"publish","type":"post","link":"https:\/\/www.portalalerta.com.br\/index.php\/2019\/04\/13\/em-eleicao-polemica-professor-adielton-e-reeleito-presidente-do-sinproerp-em-ribeira-do-pombal-ba\/","title":{"rendered":"Em elei\u00e7\u00e3o Pol\u00eamica, Professor Adielton \u00e9 reeleito presidente do SINPROERP em Ribeira do Pombal-BA"},"content":{"rendered":"<p style=\"text-align: justify;\">Na \u00faltima sexta-feira, 12, foi realizada a elei\u00e7\u00e3o para a escolha da Diretoria Executiva e do Conselho Fiscal do Sindicato dos Profissionais de Educa\u00e7\u00e3o da Rede de Ensino do Munic\u00edpio de Ribeira do Pombal (SINPROERP).<!--more--><\/p>\n<p style=\"text-align: justify;\">Dos 220 filiados aptos a votarem, apenas 80 compareceram \u00e0 sede do Sindicato, onde formalizaram o voto ao Professor Adielton, atrav\u00e9s do voto aberto. Desta forma, a Chapa \u00danica, como previsto, foi declarada a vencedora, ficando esta \u00e0 frente do Sindicato pelos pr\u00f3ximos quatro anos (2019\/2023). Al\u00e9m do professor Adielton, a Chapa 1 \u00e9 composta pelos professores: Edilberto (Vice Presidente), M\u00e1rcia Alba (Secret\u00e1ria Geral), Lucicleide (Tesoureira), Rosangela (Presidente do Conselho Fiscal), e Marlene (Secret\u00e1ria do Conselho Fiscal).<\/p>\n<figure id=\"attachment_9919\" aria-describedby=\"caption-attachment-9919\" style=\"width: 550px\" class=\"wp-caption aligncenter\"><img fetchpriority=\"high\" decoding=\"async\" class=\"wp-image-9919 size-full\" src=\"http:\/\/www.portalalerta.com.br\/wp-content\/uploads\/2018\/08\/Sinproerp.jpg\" alt=\"\" width=\"550\" height=\"350\" srcset=\"https:\/\/www.portalalerta.com.br\/wp-content\/uploads\/2018\/08\/Sinproerp.jpg 550w, https:\/\/www.portalalerta.com.br\/wp-content\/uploads\/2018\/08\/Sinproerp-377x240.jpg 377w, https:\/\/www.portalalerta.com.br\/wp-content\/uploads\/2018\/08\/Sinproerp-229x146.jpg 229w, https:\/\/www.portalalerta.com.br\/wp-content\/uploads\/2018\/08\/Sinproerp-50x32.jpg 50w, https:\/\/www.portalalerta.com.br\/wp-content\/uploads\/2018\/08\/Sinproerp-118x75.jpg 118w\" sizes=\"(max-width: 550px) 100vw, 550px\" \/><figcaption id=\"caption-attachment-9919\" class=\"wp-caption-text\">Dire\u00e7\u00e3o executiva do SINPROERP reeleita. Arquivo Portal Alerta\u00a0<\/figcaption><\/figure>\n<p style=\"text-align: justify;\"><strong>Pol\u00eamica<\/strong><\/p>\n<p style=\"text-align: justify;\"><img decoding=\"async\" class=\"size-thumbnail wp-image-15910 alignleft\" src=\"http:\/\/www.portalalerta.com.br\/wp-content\/uploads\/2019\/04\/Auto-Escola-Nobre-Promo\u00e7\u00e3o-360x240.jpeg\" alt=\"\" width=\"360\" height=\"240\" srcset=\"https:\/\/www.portalalerta.com.br\/wp-content\/uploads\/2019\/04\/Auto-Escola-Nobre-Promo\u00e7\u00e3o-360x240.jpeg 360w, https:\/\/www.portalalerta.com.br\/wp-content\/uploads\/2019\/04\/Auto-Escola-Nobre-Promo\u00e7\u00e3o-219x146.jpeg 219w, https:\/\/www.portalalerta.com.br\/wp-content\/uploads\/2019\/04\/Auto-Escola-Nobre-Promo\u00e7\u00e3o-50x33.jpeg 50w, https:\/\/www.portalalerta.com.br\/wp-content\/uploads\/2019\/04\/Auto-Escola-Nobre-Promo\u00e7\u00e3o-113x75.jpeg 113w, https:\/\/www.portalalerta.com.br\/wp-content\/uploads\/2019\/04\/Auto-Escola-Nobre-Promo\u00e7\u00e3o.jpeg 600w\" sizes=\"(max-width: 360px) 100vw, 360px\" \/>A pol\u00eamica envolvendo o processo eleitoral se deu ap\u00f3s o professor Adelmo se apresentar como candidato opositor do atual presidente. A Chapa 2 era encabe\u00e7ada pelo professor Adelmo, seguida pelos professores: Jandivan (Vice Presidente), Maria de Carvalho (Secret\u00e1ria), e Maria Caetano (Tesoureira).<\/p>\n<p style=\"text-align: justify;\">Ap\u00f3s an\u00e1lise a respeito da legalidade das duas candidaturas apresentadas, a Comiss\u00e3o Eleitoral impugnou a Chapa 2, sob a alega\u00e7\u00e3o de que os membros da mesma n\u00e3o tinham tempo m\u00ednimo de filia\u00e7\u00e3o para se candidatarem \u00e0 cargos no Sindicato, e por esta raz\u00e3o a elei\u00e7\u00e3o ocorreu com Chapa \u00danica.<\/p>\n<p style=\"text-align: justify;\"><strong>Links Relacionados:<\/strong><\/p>\n<p style=\"text-align: justify;\"><a href=\"http:\/\/www.portalalerta.com.br\/index.php\/2019\/04\/08\/apos-impugnacao-de-candidatura-eleicao-do-sinproerp-tera-chapa-unica\/\"><strong>Ap\u00f3s impugna\u00e7\u00e3o de candidatura, elei\u00e7\u00e3o do SINPROERP ter\u00e1 chapa \u00fanica<\/strong><\/a><\/p>\n<p style=\"text-align: justify;\"><a href=\"http:\/\/www.portalalerta.com.br\/index.php\/2019\/03\/21\/sinproerp-anuncia-data-das-eleicoes-para-o-proximo-quadrienio\/\"><strong>SINPROERP anuncia data das elei\u00e7\u00f5es para o pr\u00f3ximo quadri\u00eanio<\/strong><\/a><\/p>\n<p style=\"text-align: justify;\"><strong>Nota de Agradecimento<\/strong><\/p>\n<p style=\"text-align: justify;\">Passada a elei\u00e7\u00e3o, e ap\u00f3s ser declarado vencedor, o professor Adielton divulgou uma nota, onde agradeceu aos votos recebidos. Ainda na ocasi\u00e3o, Adielton finalizou afirmando que o momento \u00e9 de uni\u00e3o da categoria: \u201cNem sempre podemos obter o melhor resultado, mas, continuaremos dando o melhor de tudo que fizemos. Uma vez o processo eleitoral j\u00e1 passou, \u00e9 hora da uni\u00e3o de todos, na luta em defesa da categoria.\u201d Afirmou o presidente reeleito. <strong>Confira a nota na \u00edntegra:<\/strong><\/p>\n<p><img decoding=\"async\" class=\"aligncenter wp-image-16159\" src=\"http:\/\/www.portalalerta.com.br\/wp-content\/uploads\/2019\/04\/elei\u00e7\u00e3o-do-SINPROERP-2019.jpeg\" alt=\"\" width=\"500\" height=\"543\" srcset=\"https:\/\/www.portalalerta.com.br\/wp-content\/uploads\/2019\/04\/elei\u00e7\u00e3o-do-SINPROERP-2019.jpeg 720w, https:\/\/www.portalalerta.com.br\/wp-content\/uploads\/2019\/04\/elei\u00e7\u00e3o-do-SINPROERP-2019-221x240.jpeg 221w, https:\/\/www.portalalerta.com.br\/wp-content\/uploads\/2019\/04\/elei\u00e7\u00e3o-do-SINPROERP-2019-134x146.jpeg 134w, https:\/\/www.portalalerta.com.br\/wp-content\/uploads\/2019\/04\/elei\u00e7\u00e3o-do-SINPROERP-2019-46x50.jpeg 46w, https:\/\/www.portalalerta.com.br\/wp-content\/uploads\/2019\/04\/elei\u00e7\u00e3o-do-SINPROERP-2019-69x75.jpeg 69w\" sizes=\"(max-width: 500px) 100vw, 500px\" \/><\/p>\n<p style=\"text-align: justify;\"><a href=\"http:\/\/www.facebook.com.br\/pombalalerta\"><strong style=\"font-style: inherit;\">Curta nossa p\u00e1gina no facebook, e continue atualizado sobre tudo o que acontece em sua cidade!<\/strong><\/a><\/p>\n<p style=\"text-align: justify;\"><a href=\"https:\/\/play.google.com\/store\/apps\/details?id=com.globalstore.portalalerta\"><strong style=\"font-style: inherit;\">Baixe o NOVO APLICATIVO Portal Alerta, e fique de olho na not\u00edcia<\/strong><\/a><\/p>\n<p style=\"text-align: justify;\"><em style=\"font-weight: inherit;\">Reda\u00e7\u00e3o: Portal Alerta<\/em><\/p>\n","protected":false},"excerpt":{"rendered":"<p>Na \u00faltima sexta-feira, 12, foi realizada a elei\u00e7\u00e3o para a escolha da Diretoria Executiva e do Conselho Fiscal do Sindicato dos Profissionais de Educa\u00e7\u00e3o da Rede de Ensino do Munic\u00edpio de Ribeira do Pombal (SINPROERP).<\/p>\n","protected":false},"author":2,"featured_media":16160,"comment_status":"open","ping_status":"open","sticky":false,"template":"","format":"standard","meta":{"om_disable_all_campaigns":false,"_monsterinsights_skip_tracking":false,"_monsterinsights_sitenote_active":false,"_monsterinsights_sitenote_note":"","_monsterinsights_sitenote_category":0,"footnotes":""},"categories":[70,20,69,32,3],"tags":[140,1808,184,47,715,1511],"class_list":["post-16158","post","type-post","status-publish","format-standard","has-post-thumbnail","hentry","category-destaques","category-educacao","category-noticias2","category-regiao","category-ribeira-do-pombal","tag-educacao","tag-eleicao","tag-professores","tag-ribeira-do-pombal","tag-sindicato","tag-sinproerp"],"aioseo_notices":[],"_links":{"self":[{"href":"https:\/\/www.portalalerta.com.br\/index.php\/wp-json\/wp\/v2\/posts\/16158","targetHints":{"allow":["GET"]}}],"collection":[{"href":"https:\/\/www.portalalerta.com.br\/index.php\/wp-json\/wp\/v2\/posts"}],"about":[{"href":"https:\/\/www.portalalerta.com.br\/index.php\/wp-json\/wp\/v2\/types\/post"}],"author":[{"embeddable":true,"href":"https:\/\/www.portalalerta.com.br\/index.php\/wp-json\/wp\/v2\/users\/2"}],"replies":[{"embeddable":true,"href":"https:\/\/www.portalalerta.com.br\/index.php\/wp-json\/wp\/v2\/comments?post=16158"}],"version-history":[{"count":0,"href":"https:\/\/www.portalalerta.com.br\/index.php\/wp-json\/wp\/v2\/posts\/16158\/revisions"}],"wp:featuredmedia":[{"embeddable":true,"href":"https:\/\/www.portalalerta.com.br\/index.php\/wp-json\/wp\/v2\/media\/16160"}],"wp:attachment":[{"href":"https:\/\/www.portalalerta.com.br\/index.php\/wp-json\/wp\/v2\/media?parent=16158"}],"wp:term":[{"taxonomy":"category","embeddable":true,"href":"https:\/\/www.portalalerta.com.br\/index.php\/wp-json\/wp\/v2\/categories?post=16158"},{"taxonomy":"post_tag","embeddable":true,"href":"https:\/\/www.portalalerta.com.br\/index.php\/wp-json\/wp\/v2\/tags?post=16158"}],"curies":[{"name":"wp","href":"https:\/\/api.w.org\/{rel}","templated":true}]}}