{"id":16168,"date":"2019-04-13T19:29:28","date_gmt":"2019-04-13T22:29:28","guid":{"rendered":"http:\/\/www.portalalerta.com.br\/?p=16168"},"modified":"2019-04-13T19:29:28","modified_gmt":"2019-04-13T22:29:28","slug":"limites-territoriais-cicero-dantas-ba-devera-perder-territorio-para-banzae-e-ganhar-de-ribeira-do-pombal-e-fatima","status":"publish","type":"post","link":"https:\/\/www.portalalerta.com.br\/index.php\/2019\/04\/13\/limites-territoriais-cicero-dantas-ba-devera-perder-territorio-para-banzae-e-ganhar-de-ribeira-do-pombal-e-fatima\/","title":{"rendered":"Limites territoriais: C\u00edcero Dantas-BA dever\u00e1 perder territ\u00f3rio para Banza\u00ea e ganhar de Ribeira do Pombal e F\u00e1tima"},"content":{"rendered":"<p style=\"text-align: justify;\">Na segunda-feira, 8 de abril 2019, uma comitiva formada pelos vereadores cicerodantenses Z\u00e9 Domingos (PT), Marcio Amaral (PSL) e Abelardo Junior (PSL), esteve reunida na Assembleia Legislativa do Estado da Bahia (AL-BA), em Salvador, para buscar esclarecimentos junto \u00e0 Comiss\u00e3o Especial de Assuntos Territoriais e Emancipa\u00e7\u00e3o, que est\u00e1 concentrada nas discuss\u00f5es sobre os projetos de atualiza\u00e7\u00e3o dos limites de alguns munic\u00edpios baianos, dentre eles, C\u00edcero Dantas.<!--more--><\/p>\n<p style=\"text-align: justify;\">Diferente do que se aventava inicialmente, C\u00edcero Dantas n\u00e3o deve sofrer consider\u00e1veis preju\u00edzos em sua territorialidade e mesmo no n\u00famero da sua popula\u00e7\u00e3o, mas pelo contr\u00e1rio, deve ser beneficiada com a anexa\u00e7\u00e3o de algumas comunidades, que hoje pertencem geograficamente aos munic\u00edpios de F\u00e1tima e Ribeira do Pombal.<\/p>\n<p style=\"text-align: justify;\"><strong><img fetchpriority=\"high\" decoding=\"async\" class=\"size-thumbnail wp-image-15254 aligncenter\" src=\"http:\/\/www.portalalerta.com.br\/wp-content\/uploads\/2019\/03\/Real-Estilo-e-Voc\u00ea-633x240.jpeg\" alt=\"\" width=\"633\" height=\"240\" srcset=\"https:\/\/www.portalalerta.com.br\/wp-content\/uploads\/2019\/03\/Real-Estilo-e-Voc\u00ea-633x240.jpeg 633w, https:\/\/www.portalalerta.com.br\/wp-content\/uploads\/2019\/03\/Real-Estilo-e-Voc\u00ea-260x99.jpeg 260w, https:\/\/www.portalalerta.com.br\/wp-content\/uploads\/2019\/03\/Real-Estilo-e-Voc\u00ea-50x19.jpeg 50w, https:\/\/www.portalalerta.com.br\/wp-content\/uploads\/2019\/03\/Real-Estilo-e-Voc\u00ea-150x57.jpeg 150w, https:\/\/www.portalalerta.com.br\/wp-content\/uploads\/2019\/03\/Real-Estilo-e-Voc\u00ea.jpeg 720w\" sizes=\"(max-width: 633px) 100vw, 633px\" \/>COMO VAI FICAR:\u00a0<\/strong>Presidente da C\u00e2mara verificou que: &#8220;N\u00e3o vamos ter percas de territ\u00f3rio significativas; durante a visita, eles nos mostraram um mapa demogr\u00e1fico e vimos que o munic\u00edpio vai ter apenas perdas em territ\u00f3rios onde s\u00f3 existem fazendas, e de uma comunidade ind\u00edgena para o munic\u00edpio de Banza\u00ea\u201d, comenta.<\/p>\n<p style=\"text-align: justify;\">Quando colocados na balan\u00e7a, no entanto, os ganhos foram considerados mais relevantes para C\u00edcero Dantas, segundo an\u00e1lise do vereador Z\u00e9 Domingos. \u201cTivemos uma pequena redu\u00e7\u00e3o no nosso territ\u00f3rio, mas com a anexa\u00e7\u00e3o das comunidades de Lagoa do Campo, Vila S\u00e3o Pedro e Mandacaru, na divisa com F\u00e1tima, e de Lagoa Vermelha, na divisa com Ribeira do Pombal podemos considerar o saldo das mudan\u00e7as positivo, pois tivemos at\u00e9 um acr\u00e9scimo da popula\u00e7\u00e3o, ainda que pequeno\u201d, explica.<\/p>\n<p style=\"text-align: justify;\"><em>Fonte: Gazeta do Mel<\/em><\/p>\n<p style=\"text-align: justify;\"><em>Com informa\u00e7\u00f5es: sert\u00e3oempauta.com, e Joilson Costa<\/em><\/p>\n","protected":false},"excerpt":{"rendered":"<p>Na segunda-feira, 8 de abril 2019, uma comitiva formada pelos vereadores cicerodantenses Z\u00e9 Domingos (PT), Marcio Amaral (PSL) e Abelardo Junior (PSL), esteve reunida na Assembleia Legislativa do Estado da Bahia (AL-BA), em Salvador, para buscar esclarecimentos junto \u00e0 Comiss\u00e3o Especial de Assuntos Territoriais e Emancipa\u00e7\u00e3o, que est\u00e1 concentrada nas discuss\u00f5es sobre os projetos de &hellip;<\/p>\n","protected":false},"author":2,"featured_media":13490,"comment_status":"open","ping_status":"open","sticky":false,"template":"","format":"standard","meta":{"om_disable_all_campaigns":false,"_monsterinsights_skip_tracking":false,"_monsterinsights_sitenote_active":false,"_monsterinsights_sitenote_note":"","_monsterinsights_sitenote_category":0,"footnotes":""},"categories":[39,4,70,10,69,32,3],"tags":[49,75,107,2564,47],"class_list":["post-16168","post","type-post","status-publish","format-standard","has-post-thumbnail","hentry","category-banzae","category-cicero-dantas","category-destaques","category-fatima","category-noticias2","category-regiao","category-ribeira-do-pombal","tag-banzae","tag-cicero-dantas","tag-fatima","tag-limite-territorial","tag-ribeira-do-pombal"],"aioseo_notices":[],"_links":{"self":[{"href":"https:\/\/www.portalalerta.com.br\/index.php\/wp-json\/wp\/v2\/posts\/16168","targetHints":{"allow":["GET"]}}],"collection":[{"href":"https:\/\/www.portalalerta.com.br\/index.php\/wp-json\/wp\/v2\/posts"}],"about":[{"href":"https:\/\/www.portalalerta.com.br\/index.php\/wp-json\/wp\/v2\/types\/post"}],"author":[{"embeddable":true,"href":"https:\/\/www.portalalerta.com.br\/index.php\/wp-json\/wp\/v2\/users\/2"}],"replies":[{"embeddable":true,"href":"https:\/\/www.portalalerta.com.br\/index.php\/wp-json\/wp\/v2\/comments?post=16168"}],"version-history":[{"count":0,"href":"https:\/\/www.portalalerta.com.br\/index.php\/wp-json\/wp\/v2\/posts\/16168\/revisions"}],"wp:featuredmedia":[{"embeddable":true,"href":"https:\/\/www.portalalerta.com.br\/index.php\/wp-json\/wp\/v2\/media\/13490"}],"wp:attachment":[{"href":"https:\/\/www.portalalerta.com.br\/index.php\/wp-json\/wp\/v2\/media?parent=16168"}],"wp:term":[{"taxonomy":"category","embeddable":true,"href":"https:\/\/www.portalalerta.com.br\/index.php\/wp-json\/wp\/v2\/categories?post=16168"},{"taxonomy":"post_tag","embeddable":true,"href":"https:\/\/www.portalalerta.com.br\/index.php\/wp-json\/wp\/v2\/tags?post=16168"}],"curies":[{"name":"wp","href":"https:\/\/api.w.org\/{rel}","templated":true}]}}