{"id":16178,"date":"2019-04-14T07:54:47","date_gmt":"2019-04-14T10:54:47","guid":{"rendered":"http:\/\/www.portalalerta.com.br\/?p=16178"},"modified":"2019-04-14T07:54:47","modified_gmt":"2019-04-14T10:54:47","slug":"prefeito-de-nova-york-chama-bolsonaro-de-perigoso-racista-e-homofobico","status":"publish","type":"post","link":"https:\/\/www.portalalerta.com.br\/index.php\/2019\/04\/14\/prefeito-de-nova-york-chama-bolsonaro-de-perigoso-racista-e-homofobico\/","title":{"rendered":"Prefeito de Nova York chama Bolsonaro de perigoso, racista e homof\u00f3bico"},"content":{"rendered":"<p style=\"text-align: justify;\">&#8220;Bolsonaro n\u00e3o \u00e9 perigoso somente por causa de seus racismo e homofobia evidentes&#8221;<!--more--><\/p>\n<p style=\"text-align: justify;\">Prefeito de Nova York, Bill de Blasio classificou o presidente Jair Bolsonaro como um &#8220;ser humano perigoso&#8221;. O brasileiro pode receber uma homenagem no Musei de Hist\u00f3rio Natural da maior cidade norte-americana e isso desagradou Blasio.<\/p>\n<p style=\"text-align: justify;\"><img fetchpriority=\"high\" decoding=\"async\" class=\"size-full wp-image-2867 aligncenter\" src=\"http:\/\/www.portalalerta.com.br\/wp-content\/uploads\/2017\/11\/protege-1.jpg\" alt=\"\" width=\"600\" height=\"140\" \/>&#8220;Bolsonaro n\u00e3o \u00e9 perigoso somente por causa de seus racismo e homofobia evidentes&#8221;, declarou de Blasio nessa sexta-feira (12), durante entrevista \u00e0 emissora de r\u00e1dio WNYC. &#8220;Infelizmente, ele tamb\u00e9m \u00e9 a pessoa com maior poder de impacto sobre o que se passar\u00e1 na Amaz\u00f4nia daqui para a frente&#8221;.<\/p>\n<p style=\"text-align: justify;\">O prefeito comentava sobre uma cerim\u00f4nia de gala da C\u00e2mara de Com\u00e9rcio Brasil-Estados Unidos para homenagear Bolsonaro como &#8220;Pessoa do Ano&#8221;. O \u00f3rg\u00e3o reservou o Museu de Hist\u00f3ria Natural para realizar o evento e conceder a honraria.<\/p>\n<p style=\"text-align: justify;\"><em>Fonte: Metro1<\/em><\/p>\n","protected":false},"excerpt":{"rendered":"<p>&#8220;Bolsonaro n\u00e3o \u00e9 perigoso somente por causa de seus racismo e homofobia evidentes&#8221;<\/p>\n","protected":false},"author":2,"featured_media":16179,"comment_status":"open","ping_status":"open","sticky":false,"template":"","format":"standard","meta":{"om_disable_all_campaigns":false,"_monsterinsights_skip_tracking":false,"_monsterinsights_sitenote_active":false,"_monsterinsights_sitenote_note":"","_monsterinsights_sitenote_category":0,"footnotes":""},"categories":[34,70,35,69,21],"tags":[2566,93,2565,327,1271,1395,339,1620],"class_list":["post-16178","post","type-post","status-publish","format-standard","has-post-thumbnail","hentry","category-brasil","category-destaques","category-mundo","category-noticias2","category-politica","tag-bill-de-blasio","tag-brasil","tag-criticas","tag-eua","tag-homenagem","tag-jair-bolsonaro","tag-mundo","tag-nova-york"],"aioseo_notices":[],"_links":{"self":[{"href":"https:\/\/www.portalalerta.com.br\/index.php\/wp-json\/wp\/v2\/posts\/16178","targetHints":{"allow":["GET"]}}],"collection":[{"href":"https:\/\/www.portalalerta.com.br\/index.php\/wp-json\/wp\/v2\/posts"}],"about":[{"href":"https:\/\/www.portalalerta.com.br\/index.php\/wp-json\/wp\/v2\/types\/post"}],"author":[{"embeddable":true,"href":"https:\/\/www.portalalerta.com.br\/index.php\/wp-json\/wp\/v2\/users\/2"}],"replies":[{"embeddable":true,"href":"https:\/\/www.portalalerta.com.br\/index.php\/wp-json\/wp\/v2\/comments?post=16178"}],"version-history":[{"count":0,"href":"https:\/\/www.portalalerta.com.br\/index.php\/wp-json\/wp\/v2\/posts\/16178\/revisions"}],"wp:featuredmedia":[{"embeddable":true,"href":"https:\/\/www.portalalerta.com.br\/index.php\/wp-json\/wp\/v2\/media\/16179"}],"wp:attachment":[{"href":"https:\/\/www.portalalerta.com.br\/index.php\/wp-json\/wp\/v2\/media?parent=16178"}],"wp:term":[{"taxonomy":"category","embeddable":true,"href":"https:\/\/www.portalalerta.com.br\/index.php\/wp-json\/wp\/v2\/categories?post=16178"},{"taxonomy":"post_tag","embeddable":true,"href":"https:\/\/www.portalalerta.com.br\/index.php\/wp-json\/wp\/v2\/tags?post=16178"}],"curies":[{"name":"wp","href":"https:\/\/api.w.org\/{rel}","templated":true}]}}