{"id":16181,"date":"2019-04-14T08:05:12","date_gmt":"2019-04-14T11:05:12","guid":{"rendered":"http:\/\/www.portalalerta.com.br\/?p=16181"},"modified":"2019-04-14T08:05:12","modified_gmt":"2019-04-14T11:05:12","slug":"corpo-de-menino-e-encontrado-em-escombros-e-total-de-vitimas-sobe-no-rio-de-janeiro","status":"publish","type":"post","link":"https:\/\/www.portalalerta.com.br\/index.php\/2019\/04\/14\/corpo-de-menino-e-encontrado-em-escombros-e-total-de-vitimas-sobe-no-rio-de-janeiro\/","title":{"rendered":"Corpo de menino \u00e9 encontrado em escombros e total de v\u00edtimas sobe no Rio de Janeiro"},"content":{"rendered":"<p style=\"text-align: justify;\">Equipes do Corpo de Bombeiros retiraram, na noite deste s\u00e1bado (13), mais um corpo dos escombros dos pr\u00e9dios que desabaram no Rio de Janeiro. Segundo os bombeiros, a v\u00edtima \u00e9 uma crian\u00e7a do sexo masculino. Com isso, o n\u00famero de mortes subiu para nove.<!--more--><\/p>\n<p style=\"text-align: justify;\"><img fetchpriority=\"high\" decoding=\"async\" class=\"size-thumbnail wp-image-15254 aligncenter\" src=\"http:\/\/www.portalalerta.com.br\/wp-content\/uploads\/2019\/03\/Real-Estilo-e-Voc\u00ea-633x240.jpeg\" alt=\"\" width=\"633\" height=\"240\" srcset=\"https:\/\/www.portalalerta.com.br\/wp-content\/uploads\/2019\/03\/Real-Estilo-e-Voc\u00ea-633x240.jpeg 633w, https:\/\/www.portalalerta.com.br\/wp-content\/uploads\/2019\/03\/Real-Estilo-e-Voc\u00ea-260x99.jpeg 260w, https:\/\/www.portalalerta.com.br\/wp-content\/uploads\/2019\/03\/Real-Estilo-e-Voc\u00ea-50x19.jpeg 50w, https:\/\/www.portalalerta.com.br\/wp-content\/uploads\/2019\/03\/Real-Estilo-e-Voc\u00ea-150x57.jpeg 150w, https:\/\/www.portalalerta.com.br\/wp-content\/uploads\/2019\/03\/Real-Estilo-e-Voc\u00ea.jpeg 720w\" sizes=\"(max-width: 633px) 100vw, 633px\" \/>No total,\u00a0sete foram encontradas sem vida\u00a0pela corpora\u00e7\u00e3o ao longo da for\u00e7a-tarefa de resgate, e duas morreram no hospital. Outras dez foram resgatadas com ferimentos.\u00a0 Cerca de 100 militares, c\u00e3es farejadores, drone, helic\u00f3pteros, ambul\u00e2ncias e viaturas continuam no local.<\/p>\n<p><em>Fonte: R7<\/em><\/p>\n","protected":false},"excerpt":{"rendered":"<p>Equipes do Corpo de Bombeiros retiraram, na noite deste s\u00e1bado (13), mais um corpo dos escombros dos pr\u00e9dios que desabaram no Rio de Janeiro. Segundo os bombeiros, a v\u00edtima \u00e9 uma crian\u00e7a do sexo masculino. Com isso, o n\u00famero de mortes subiu para nove.<\/p>\n","protected":false},"author":2,"featured_media":16182,"comment_status":"open","ping_status":"open","sticky":false,"template":"","format":"standard","meta":{"om_disable_all_campaigns":false,"_monsterinsights_skip_tracking":false,"_monsterinsights_sitenote_active":false,"_monsterinsights_sitenote_note":"","_monsterinsights_sitenote_category":0,"footnotes":""},"categories":[34,70,69],"tags":[1010,393,439,300],"class_list":["post-16181","post","type-post","status-publish","format-standard","has-post-thumbnail","hentry","category-brasil","category-destaques","category-noticias2","tag-desabamento","tag-feridos","tag-mortes","tag-rio-de-janeiro"],"aioseo_notices":[],"_links":{"self":[{"href":"https:\/\/www.portalalerta.com.br\/index.php\/wp-json\/wp\/v2\/posts\/16181","targetHints":{"allow":["GET"]}}],"collection":[{"href":"https:\/\/www.portalalerta.com.br\/index.php\/wp-json\/wp\/v2\/posts"}],"about":[{"href":"https:\/\/www.portalalerta.com.br\/index.php\/wp-json\/wp\/v2\/types\/post"}],"author":[{"embeddable":true,"href":"https:\/\/www.portalalerta.com.br\/index.php\/wp-json\/wp\/v2\/users\/2"}],"replies":[{"embeddable":true,"href":"https:\/\/www.portalalerta.com.br\/index.php\/wp-json\/wp\/v2\/comments?post=16181"}],"version-history":[{"count":0,"href":"https:\/\/www.portalalerta.com.br\/index.php\/wp-json\/wp\/v2\/posts\/16181\/revisions"}],"wp:featuredmedia":[{"embeddable":true,"href":"https:\/\/www.portalalerta.com.br\/index.php\/wp-json\/wp\/v2\/media\/16182"}],"wp:attachment":[{"href":"https:\/\/www.portalalerta.com.br\/index.php\/wp-json\/wp\/v2\/media?parent=16181"}],"wp:term":[{"taxonomy":"category","embeddable":true,"href":"https:\/\/www.portalalerta.com.br\/index.php\/wp-json\/wp\/v2\/categories?post=16181"},{"taxonomy":"post_tag","embeddable":true,"href":"https:\/\/www.portalalerta.com.br\/index.php\/wp-json\/wp\/v2\/tags?post=16181"}],"curies":[{"name":"wp","href":"https:\/\/api.w.org\/{rel}","templated":true}]}}