{"id":16190,"date":"2019-04-14T14:00:33","date_gmt":"2019-04-14T17:00:33","guid":{"rendered":"http:\/\/www.portalalerta.com.br\/?p=16190"},"modified":"2019-04-14T14:00:33","modified_gmt":"2019-04-14T17:00:33","slug":"com-medo-de-greve-dos-caminhoneiros-governo-recuou-em-aumento-do-diesel","status":"publish","type":"post","link":"https:\/\/www.portalalerta.com.br\/index.php\/2019\/04\/14\/com-medo-de-greve-dos-caminhoneiros-governo-recuou-em-aumento-do-diesel\/","title":{"rendered":"Com medo de greve dos caminhoneiros, governo recuou em aumento do diesel"},"content":{"rendered":"<p style=\"text-align: justify;\">A interven\u00e7\u00e3o do Planalto na pol\u00edtica de pre\u00e7os da estatal fez a empresa perder R$ 32 bilh\u00f5es de valor de mercado na \u00faltima sexta-feira (12), na Bolsa de Valores<!--more--><\/p>\n<p style=\"text-align: justify;\">O governo do presidente Jair Bolsonaro recuou no aumento do pre\u00e7o do diesel ap\u00f3s ser pressionado por caminhoneiros, de acordo com a Folha.<\/p>\n<p style=\"text-align: justify;\"><img fetchpriority=\"high\" decoding=\"async\" class=\"size-full wp-image-2867 aligncenter\" src=\"http:\/\/www.portalalerta.com.br\/wp-content\/uploads\/2017\/11\/protege-1.jpg\" alt=\"\" width=\"600\" height=\"140\" \/>Segundo a publica\u00e7\u00e3o, a interven\u00e7\u00e3o do Planalto na pol\u00edtica de pre\u00e7os da estatal fez a empresa perder R$ 32 bilh\u00f5es de valor de mercado na \u00faltima sexta-feira (12), na Bolsa de Valores.<\/p>\n<p style=\"text-align: justify;\">A crise foi vitaminada ap\u00f3s Wallace Landim, conhecido como Chor\u00e3o, um dos l\u00edderes dos caminhoneiros, avisar por mensagem aos ministros Onyx Lorenzoni, da Casa civil, e Floriano Peixoto, da secretaria-geral da Presid\u00eancia, que os motoristas estavam com indicativo de greve.<\/p>\n<p style=\"text-align: justify;\">Onyx prometeu resolver. Por volta das 22h, Chor\u00e3o soube por funcion\u00e1rios da Casa Civil que o Planalto havia suspendido o reajuste.<\/p>\n<p style=\"text-align: justify;\"><em>Fonte: Metro1<\/em><\/p>\n","protected":false},"excerpt":{"rendered":"<p>A interven\u00e7\u00e3o do Planalto na pol\u00edtica de pre\u00e7os da estatal fez a empresa perder R$ 32 bilh\u00f5es de valor de mercado na \u00faltima sexta-feira (12), na Bolsa de Valores<\/p>\n","protected":false},"author":2,"featured_media":7604,"comment_status":"open","ping_status":"open","sticky":false,"template":"","format":"standard","meta":{"om_disable_all_campaigns":false,"_monsterinsights_skip_tracking":false,"_monsterinsights_sitenote_active":false,"_monsterinsights_sitenote_note":"","_monsterinsights_sitenote_category":0,"footnotes":""},"categories":[34,70,69,21],"tags":[93,1115,2472,1395,329],"class_list":["post-16190","post","type-post","status-publish","format-standard","has-post-thumbnail","hentry","category-brasil","category-destaques","category-noticias2","category-politica","tag-brasil","tag-caminhoneiros","tag-diesel","tag-jair-bolsonaro","tag-petrobras"],"aioseo_notices":[],"_links":{"self":[{"href":"https:\/\/www.portalalerta.com.br\/index.php\/wp-json\/wp\/v2\/posts\/16190","targetHints":{"allow":["GET"]}}],"collection":[{"href":"https:\/\/www.portalalerta.com.br\/index.php\/wp-json\/wp\/v2\/posts"}],"about":[{"href":"https:\/\/www.portalalerta.com.br\/index.php\/wp-json\/wp\/v2\/types\/post"}],"author":[{"embeddable":true,"href":"https:\/\/www.portalalerta.com.br\/index.php\/wp-json\/wp\/v2\/users\/2"}],"replies":[{"embeddable":true,"href":"https:\/\/www.portalalerta.com.br\/index.php\/wp-json\/wp\/v2\/comments?post=16190"}],"version-history":[{"count":0,"href":"https:\/\/www.portalalerta.com.br\/index.php\/wp-json\/wp\/v2\/posts\/16190\/revisions"}],"wp:featuredmedia":[{"embeddable":true,"href":"https:\/\/www.portalalerta.com.br\/index.php\/wp-json\/wp\/v2\/media\/7604"}],"wp:attachment":[{"href":"https:\/\/www.portalalerta.com.br\/index.php\/wp-json\/wp\/v2\/media?parent=16190"}],"wp:term":[{"taxonomy":"category","embeddable":true,"href":"https:\/\/www.portalalerta.com.br\/index.php\/wp-json\/wp\/v2\/categories?post=16190"},{"taxonomy":"post_tag","embeddable":true,"href":"https:\/\/www.portalalerta.com.br\/index.php\/wp-json\/wp\/v2\/tags?post=16190"}],"curies":[{"name":"wp","href":"https:\/\/api.w.org\/{rel}","templated":true}]}}