{"id":16197,"date":"2019-04-14T14:04:04","date_gmt":"2019-04-14T17:04:04","guid":{"rendered":"http:\/\/www.portalalerta.com.br\/?p=16197"},"modified":"2019-04-14T14:04:04","modified_gmt":"2019-04-14T17:04:04","slug":"suspeito-desobedece-ordem-de-parada-e-morre-apos-troca-de-tiros-com-a-policia-em-serrinha-ba","status":"publish","type":"post","link":"https:\/\/www.portalalerta.com.br\/index.php\/2019\/04\/14\/suspeito-desobedece-ordem-de-parada-e-morre-apos-troca-de-tiros-com-a-policia-em-serrinha-ba\/","title":{"rendered":"Suspeito desobedece ordem de parada e morre ap\u00f3s troca de tiros com a Pol\u00edcia, em Serrinha-BA"},"content":{"rendered":"<p style=\"text-align: justify;\">Tiago Oliveira Teles, de 19 anos, natural de Salvador, morreu na noite de sexta-feira (12) ap\u00f3s troca de tiros com policiais da Companhia de Emprego T\u00e1tico Operacional (CETO) do 16\u00ba Batalh\u00e3o de Pol\u00edcia Militar (BPM), em Serrinha-BA.<!--more--><\/p>\n<p><img fetchpriority=\"high\" decoding=\"async\" class=\"size-thumbnail wp-image-15910 alignleft\" src=\"http:\/\/www.portalalerta.com.br\/wp-content\/uploads\/2019\/04\/Auto-Escola-Nobre-Promo\u00e7\u00e3o-360x240.jpeg\" alt=\"\" width=\"360\" height=\"240\" srcset=\"https:\/\/www.portalalerta.com.br\/wp-content\/uploads\/2019\/04\/Auto-Escola-Nobre-Promo\u00e7\u00e3o-360x240.jpeg 360w, https:\/\/www.portalalerta.com.br\/wp-content\/uploads\/2019\/04\/Auto-Escola-Nobre-Promo\u00e7\u00e3o-219x146.jpeg 219w, https:\/\/www.portalalerta.com.br\/wp-content\/uploads\/2019\/04\/Auto-Escola-Nobre-Promo\u00e7\u00e3o-50x33.jpeg 50w, https:\/\/www.portalalerta.com.br\/wp-content\/uploads\/2019\/04\/Auto-Escola-Nobre-Promo\u00e7\u00e3o-113x75.jpeg 113w, https:\/\/www.portalalerta.com.br\/wp-content\/uploads\/2019\/04\/Auto-Escola-Nobre-Promo\u00e7\u00e3o.jpeg 600w\" sizes=\"(max-width: 360px) 100vw, 360px\" \/>De acordo com informa\u00e7\u00f5es, os policiais realizavam um patrulhamento de rotina por volta das 22h20 quando deram ordem de parada ao motorista de um Chevrolet Prisma, mas ele desobedeceu e fugiu pela BR-116, em dire\u00e7\u00e3o ao entroncamento de Lamar\u00e3o. Os policiais ent\u00e3o iniciaram o acompanhamento.<\/p>\n<p>Conforme o registro policial, momentos depois, o condutor perdeu o controle da dire\u00e7\u00e3o e bateu em uma cerca. Ap\u00f3s o acidente, o motorista desceu do carro armado e disparando contra os policiais da CETO, que revidaram. O rapaz foi baleado e socorrido ao hospital municipal de Serrinha. Ele n\u00e3o resistiu e morreu. Um rev\u00f3lver Taurus calibre 38 foi apreendido.<\/p>\n<figure id=\"attachment_16198\" aria-describedby=\"caption-attachment-16198\" style=\"width: 350px\" class=\"wp-caption aligncenter\"><img decoding=\"async\" class=\"wp-image-16198 size-full\" src=\"http:\/\/www.portalalerta.com.br\/wp-content\/uploads\/2019\/04\/ve\u00edculo-recuperado-em-Serrinha-2019.jpg\" alt=\"\" width=\"350\" height=\"200\" srcset=\"https:\/\/www.portalalerta.com.br\/wp-content\/uploads\/2019\/04\/ve\u00edculo-recuperado-em-Serrinha-2019.jpg 350w, https:\/\/www.portalalerta.com.br\/wp-content\/uploads\/2019\/04\/ve\u00edculo-recuperado-em-Serrinha-2019-256x146.jpg 256w, https:\/\/www.portalalerta.com.br\/wp-content\/uploads\/2019\/04\/ve\u00edculo-recuperado-em-Serrinha-2019-50x29.jpg 50w, https:\/\/www.portalalerta.com.br\/wp-content\/uploads\/2019\/04\/ve\u00edculo-recuperado-em-Serrinha-2019-131x75.jpg 131w\" sizes=\"(max-width: 350px) 100vw, 350px\" \/><figcaption id=\"caption-attachment-16198\" class=\"wp-caption-text\">Ve\u00edculo proveniente de furto\/ roubo, foi recuperado em Serrinha-BA<\/figcaption><\/figure>\n<p style=\"text-align: justify;\">Ap\u00f3s consultas, os policiais constataram que o ve\u00edculo tinha queixa de roubo. A ocorr\u00eancia foi registrada como morte decorrente de oposi\u00e7\u00e3o \u00e0 interven\u00e7\u00e3o policial no plant\u00e3o da Delegacia Territorial.<\/p>\n<p style=\"text-align: justify;\"><em>Fonte: Cleriston Silva\u00a0<\/em><\/p>\n","protected":false},"excerpt":{"rendered":"<p>Tiago Oliveira Teles, de 19 anos, natural de Salvador, morreu na noite de sexta-feira (12) ap\u00f3s troca de tiros com policiais da Companhia de Emprego T\u00e1tico Operacional (CETO) do 16\u00ba Batalh\u00e3o de Pol\u00edcia Militar (BPM), em Serrinha-BA.<\/p>\n","protected":false},"author":2,"featured_media":16199,"comment_status":"open","ping_status":"open","sticky":false,"template":"","format":"standard","meta":{"om_disable_all_campaigns":false,"_monsterinsights_skip_tracking":false,"_monsterinsights_sitenote_active":false,"_monsterinsights_sitenote_note":"","_monsterinsights_sitenote_category":0,"footnotes":""},"categories":[33,70,69,22],"tags":[54,409,178,334,79,200,176,102,1502],"class_list":["post-16197","post","type-post","status-publish","format-standard","has-post-thumbnail","hentry","category-bahia","category-destaques","category-noticias2","category-seguranca","tag-bahia","tag-ceto","tag-confronto","tag-morto","tag-policia-militar","tag-roubo-de-carro","tag-serrinha","tag-veiculo-recuperado","tag-veiculo-roubado"],"aioseo_notices":[],"_links":{"self":[{"href":"https:\/\/www.portalalerta.com.br\/index.php\/wp-json\/wp\/v2\/posts\/16197","targetHints":{"allow":["GET"]}}],"collection":[{"href":"https:\/\/www.portalalerta.com.br\/index.php\/wp-json\/wp\/v2\/posts"}],"about":[{"href":"https:\/\/www.portalalerta.com.br\/index.php\/wp-json\/wp\/v2\/types\/post"}],"author":[{"embeddable":true,"href":"https:\/\/www.portalalerta.com.br\/index.php\/wp-json\/wp\/v2\/users\/2"}],"replies":[{"embeddable":true,"href":"https:\/\/www.portalalerta.com.br\/index.php\/wp-json\/wp\/v2\/comments?post=16197"}],"version-history":[{"count":0,"href":"https:\/\/www.portalalerta.com.br\/index.php\/wp-json\/wp\/v2\/posts\/16197\/revisions"}],"wp:featuredmedia":[{"embeddable":true,"href":"https:\/\/www.portalalerta.com.br\/index.php\/wp-json\/wp\/v2\/media\/16199"}],"wp:attachment":[{"href":"https:\/\/www.portalalerta.com.br\/index.php\/wp-json\/wp\/v2\/media?parent=16197"}],"wp:term":[{"taxonomy":"category","embeddable":true,"href":"https:\/\/www.portalalerta.com.br\/index.php\/wp-json\/wp\/v2\/categories?post=16197"},{"taxonomy":"post_tag","embeddable":true,"href":"https:\/\/www.portalalerta.com.br\/index.php\/wp-json\/wp\/v2\/tags?post=16197"}],"curies":[{"name":"wp","href":"https:\/\/api.w.org\/{rel}","templated":true}]}}