{"id":16205,"date":"2019-04-14T22:28:00","date_gmt":"2019-04-15T01:28:00","guid":{"rendered":"http:\/\/www.portalalerta.com.br\/?p=16205"},"modified":"2019-04-14T22:28:00","modified_gmt":"2019-04-15T01:28:00","slug":"ultima-vitima-de-incendio-no-ninho-deixa-hospital-apos-dois-meses","status":"publish","type":"post","link":"https:\/\/www.portalalerta.com.br\/index.php\/2019\/04\/14\/ultima-vitima-de-incendio-no-ninho-deixa-hospital-apos-dois-meses\/","title":{"rendered":"\u00daltima v\u00edtima de inc\u00eandio no Ninho deixa hospital ap\u00f3s dois meses"},"content":{"rendered":"<p style=\"text-align: justify;\">Jhonata Ventura, o \u00faltimo ferido que ainda estava internado\u00a0ap\u00f3s a trag\u00e9dia no Ninho do Urubu, em 8 de fevereiro, recebeu alta neste s\u00e1bado (13).<!--more--><\/p>\n<p style=\"text-align: justify;\">O zagueiro de 15 anos saiu do Hospital Vit\u00f3ria, na Barra da Tijuca, zona oeste do Rio de Janeiro, acompanhado dos familiares, de seu empres\u00e1rio e do m\u00e9dico do Flamengo Marcio Tannure.<\/p>\n<p style=\"text-align: justify;\"><img fetchpriority=\"high\" decoding=\"async\" class=\"size-thumbnail wp-image-15254 aligncenter\" src=\"http:\/\/www.portalalerta.com.br\/wp-content\/uploads\/2019\/03\/Real-Estilo-e-Voc\u00ea-633x240.jpeg\" alt=\"\" width=\"633\" height=\"240\" srcset=\"https:\/\/www.portalalerta.com.br\/wp-content\/uploads\/2019\/03\/Real-Estilo-e-Voc\u00ea-633x240.jpeg 633w, https:\/\/www.portalalerta.com.br\/wp-content\/uploads\/2019\/03\/Real-Estilo-e-Voc\u00ea-260x99.jpeg 260w, https:\/\/www.portalalerta.com.br\/wp-content\/uploads\/2019\/03\/Real-Estilo-e-Voc\u00ea-50x19.jpeg 50w, https:\/\/www.portalalerta.com.br\/wp-content\/uploads\/2019\/03\/Real-Estilo-e-Voc\u00ea-150x57.jpeg 150w, https:\/\/www.portalalerta.com.br\/wp-content\/uploads\/2019\/03\/Real-Estilo-e-Voc\u00ea.jpeg 720w\" sizes=\"(max-width: 633px) 100vw, 633px\" \/>O jogador seguir\u00e1 o tratamento das queimaduras em um hotel disponibilizado pelo clube, onde tamb\u00e9m ficar\u00e1 hospedado. Ele ter\u00e1 que seguir uma restri\u00e7\u00e3o alimentar, pois n\u00e3o est\u00e1 totalmente recuperado da pancreatite.<\/p>\n<p style=\"text-align: justify;\">O garoto ficar\u00e1 com a m\u00e3e e o irm\u00e3o, que s\u00e3o do Esp\u00edrito Santo, mas est\u00e3o na cidade desde a trag\u00e9dia e n\u00e3o tem resid\u00eancia fixa no Rio de Janeiro.<\/p>\n<figure id=\"attachment_16206\" aria-describedby=\"caption-attachment-16206\" style=\"width: 300px\" class=\"wp-caption aligncenter\"><img decoding=\"async\" class=\"wp-image-16206 size-full\" src=\"http:\/\/www.portalalerta.com.br\/wp-content\/uploads\/2019\/04\/Jhonata-Ventura.jpg\" alt=\"\" width=\"300\" height=\"400\" srcset=\"https:\/\/www.portalalerta.com.br\/wp-content\/uploads\/2019\/04\/Jhonata-Ventura.jpg 300w, https:\/\/www.portalalerta.com.br\/wp-content\/uploads\/2019\/04\/Jhonata-Ventura-180x240.jpg 180w, https:\/\/www.portalalerta.com.br\/wp-content\/uploads\/2019\/04\/Jhonata-Ventura-110x146.jpg 110w, https:\/\/www.portalalerta.com.br\/wp-content\/uploads\/2019\/04\/Jhonata-Ventura-38x50.jpg 38w, https:\/\/www.portalalerta.com.br\/wp-content\/uploads\/2019\/04\/Jhonata-Ventura-56x75.jpg 56w\" sizes=\"(max-width: 300px) 100vw, 300px\" \/><figcaption id=\"caption-attachment-16206\" class=\"wp-caption-text\">Jhonata Ventura, 15, recebeu alta neste s\u00e1bado (13) e ficar\u00e1 hospedado em hotel com a fam\u00edlia. Zagueiro \u00e9 \u00faltimo sobrevivente a deixar o hospital<\/figcaption><\/figure>\n<p style=\"text-align: justify;\">Jhonata \u00e9 um dos tr\u00eas sobreviventes que tiveram que ser hospitalizados ap\u00f3s o inc\u00eandio que atingiu o\u00a0Ninho do Urubu. Ele teve cerca de 30% de seu corpo queimado e passou quase um m\u00eas no Centro de Tratamento de Queimados do Hospital Pedro II.<\/p>\n<p style=\"text-align: justify;\"><em>Fonte: R7<\/em><\/p>\n","protected":false},"excerpt":{"rendered":"<p>Jhonata Ventura, o \u00faltimo ferido que ainda estava internado\u00a0ap\u00f3s a trag\u00e9dia no Ninho do Urubu, em 8 de fevereiro, recebeu alta neste s\u00e1bado (13).<\/p>\n","protected":false},"author":2,"featured_media":14609,"comment_status":"open","ping_status":"open","sticky":false,"template":"","format":"standard","meta":{"om_disable_all_campaigns":false,"_monsterinsights_skip_tracking":false,"_monsterinsights_sitenote_active":false,"_monsterinsights_sitenote_note":"","_monsterinsights_sitenote_category":0,"footnotes":""},"categories":[34,70,2,69],"tags":[666,495,93,2206,593,2253,300],"class_list":["post-16205","post","type-post","status-publish","format-standard","has-post-thumbnail","hentry","category-brasil","category-destaques","category-esportes","category-noticias2","tag-alta-hospitalar","tag-atleta","tag-brasil","tag-clube-de-regatas-flamengo","tag-incendio","tag-ninho-do-urubu","tag-rio-de-janeiro"],"aioseo_notices":[],"_links":{"self":[{"href":"https:\/\/www.portalalerta.com.br\/index.php\/wp-json\/wp\/v2\/posts\/16205","targetHints":{"allow":["GET"]}}],"collection":[{"href":"https:\/\/www.portalalerta.com.br\/index.php\/wp-json\/wp\/v2\/posts"}],"about":[{"href":"https:\/\/www.portalalerta.com.br\/index.php\/wp-json\/wp\/v2\/types\/post"}],"author":[{"embeddable":true,"href":"https:\/\/www.portalalerta.com.br\/index.php\/wp-json\/wp\/v2\/users\/2"}],"replies":[{"embeddable":true,"href":"https:\/\/www.portalalerta.com.br\/index.php\/wp-json\/wp\/v2\/comments?post=16205"}],"version-history":[{"count":0,"href":"https:\/\/www.portalalerta.com.br\/index.php\/wp-json\/wp\/v2\/posts\/16205\/revisions"}],"wp:featuredmedia":[{"embeddable":true,"href":"https:\/\/www.portalalerta.com.br\/index.php\/wp-json\/wp\/v2\/media\/14609"}],"wp:attachment":[{"href":"https:\/\/www.portalalerta.com.br\/index.php\/wp-json\/wp\/v2\/media?parent=16205"}],"wp:term":[{"taxonomy":"category","embeddable":true,"href":"https:\/\/www.portalalerta.com.br\/index.php\/wp-json\/wp\/v2\/categories?post=16205"},{"taxonomy":"post_tag","embeddable":true,"href":"https:\/\/www.portalalerta.com.br\/index.php\/wp-json\/wp\/v2\/tags?post=16205"}],"curies":[{"name":"wp","href":"https:\/\/api.w.org\/{rel}","templated":true}]}}