{"id":16454,"date":"2019-04-24T11:53:23","date_gmt":"2019-04-24T14:53:23","guid":{"rendered":"http:\/\/www.portalalerta.com.br\/?p=16454"},"modified":"2019-04-24T11:53:23","modified_gmt":"2019-04-24T14:53:23","slug":"homem-e-assassinado-a-tiros-em-bairro-de-tucano-ba","status":"publish","type":"post","link":"https:\/\/www.portalalerta.com.br\/index.php\/2019\/04\/24\/homem-e-assassinado-a-tiros-em-bairro-de-tucano-ba\/","title":{"rendered":"Homem \u00e9 assassinado a tiros em bairro de Tucano-BA"},"content":{"rendered":"<p style=\"text-align: justify;\">Na manh\u00e3 de quarta-feira (17), um homem identificado como Cosme Santos Gon\u00e7alves, conhecido como \u201cCosme de Daminh\u00e3o\u201d, foi morto a tiros no bairro Nova Esperan\u00e7a, em Tucano. A v\u00edtima, que tinha barraca na feira, foi morta a tiros. A Pol\u00edcia Militar esteve no local. O Departamento de Pol\u00edcia T\u00e9cnica (DPT) de Euclides da Cunha foi acionado. N\u00e3o h\u00e1 informa\u00e7\u00f5es sobre suspeitos. Ningu\u00e9m foi preso.<!--more--><\/p>\n<p style=\"text-align: justify;\"><img fetchpriority=\"high\" decoding=\"async\" class=\"size-full wp-image-2867 aligncenter\" src=\"http:\/\/www.portalalerta.com.br\/wp-content\/uploads\/2017\/11\/protege-1.jpg\" alt=\"\" width=\"600\" height=\"140\" \/>Segundo populares relataram \u00e0 Pol\u00edcia Militar, um homem de estatura m\u00e9dia\/baixa, forte, usando capacete e camisa listrada de cor azul, a bordo de uma motocicleta de cor azul\/roxa, efetuou cerca de 05 disparos de arma de fogo nas costas da v\u00edtima, evadindo em sentido ignorado. O Departamento de Pol\u00edcia T\u00e9cnica (DPT) de Euclides da Cunha foi acionado e fez a remo\u00e7\u00e3o do corpo. Os militares fizeram dilig\u00eancias em busca dos autores, sem \u00eaxito por falta de dados. A Pol\u00edcia civil investigar\u00e1 o caso.<\/p>\n<p style=\"text-align: justify;\"><em>Fonte: A Voz do Campo<\/em><\/p>\n","protected":false},"excerpt":{"rendered":"<p>Na manh\u00e3 de quarta-feira (17), um homem identificado como Cosme Santos Gon\u00e7alves, conhecido como \u201cCosme de Daminh\u00e3o\u201d, foi morto a tiros no bairro Nova Esperan\u00e7a, em Tucano. A v\u00edtima, que tinha barraca na feira, foi morta a tiros. A Pol\u00edcia Militar esteve no local. O Departamento de Pol\u00edcia T\u00e9cnica (DPT) de Euclides da Cunha foi &hellip;<\/p>\n","protected":false},"author":2,"featured_media":16438,"comment_status":"open","ping_status":"open","sticky":false,"template":"","format":"standard","meta":{"om_disable_all_campaigns":false,"_monsterinsights_skip_tracking":false,"_monsterinsights_sitenote_active":false,"_monsterinsights_sitenote_note":"","_monsterinsights_sitenote_category":0,"footnotes":""},"categories":[70,69,32,22,12],"tags":[128,206,190],"class_list":["post-16454","post","type-post","status-publish","format-standard","has-post-thumbnail","hentry","category-destaques","category-noticias2","category-regiao","category-seguranca","category-tucano","tag-disparo-de-arma-de-fogo","tag-homicidio","tag-tucano"],"aioseo_notices":[],"_links":{"self":[{"href":"https:\/\/www.portalalerta.com.br\/index.php\/wp-json\/wp\/v2\/posts\/16454","targetHints":{"allow":["GET"]}}],"collection":[{"href":"https:\/\/www.portalalerta.com.br\/index.php\/wp-json\/wp\/v2\/posts"}],"about":[{"href":"https:\/\/www.portalalerta.com.br\/index.php\/wp-json\/wp\/v2\/types\/post"}],"author":[{"embeddable":true,"href":"https:\/\/www.portalalerta.com.br\/index.php\/wp-json\/wp\/v2\/users\/2"}],"replies":[{"embeddable":true,"href":"https:\/\/www.portalalerta.com.br\/index.php\/wp-json\/wp\/v2\/comments?post=16454"}],"version-history":[{"count":0,"href":"https:\/\/www.portalalerta.com.br\/index.php\/wp-json\/wp\/v2\/posts\/16454\/revisions"}],"wp:featuredmedia":[{"embeddable":true,"href":"https:\/\/www.portalalerta.com.br\/index.php\/wp-json\/wp\/v2\/media\/16438"}],"wp:attachment":[{"href":"https:\/\/www.portalalerta.com.br\/index.php\/wp-json\/wp\/v2\/media?parent=16454"}],"wp:term":[{"taxonomy":"category","embeddable":true,"href":"https:\/\/www.portalalerta.com.br\/index.php\/wp-json\/wp\/v2\/categories?post=16454"},{"taxonomy":"post_tag","embeddable":true,"href":"https:\/\/www.portalalerta.com.br\/index.php\/wp-json\/wp\/v2\/tags?post=16454"}],"curies":[{"name":"wp","href":"https:\/\/api.w.org\/{rel}","templated":true}]}}