{"id":16456,"date":"2019-04-24T11:54:40","date_gmt":"2019-04-24T14:54:40","guid":{"rendered":"http:\/\/www.portalalerta.com.br\/?p=16456"},"modified":"2019-04-24T12:10:06","modified_gmt":"2019-04-24T15:10:06","slug":"9a-supercopa-de-futebol-rural-comeca-em-abril-em-euclides-da-cunha-ba","status":"publish","type":"post","link":"https:\/\/www.portalalerta.com.br\/index.php\/2019\/04\/24\/9a-supercopa-de-futebol-rural-comeca-em-abril-em-euclides-da-cunha-ba\/","title":{"rendered":"9\u00aa Supercopa de Futebol Rural come\u00e7a em abril, em Euclides da Cunha-BA"},"content":{"rendered":"<p style=\"text-align: justify;\">A competi\u00e7\u00e3o dar\u00e1 in\u00edcio no dia 27 de Abril, encerra no m\u00eas de Setembro, com premia\u00e7\u00e3o de R$ 25 mil.<!--more--><\/p>\n<p style=\"text-align: justify;\">Em 2019 a Supercopa de Futebol Rural completa sua 9\u00aa edi\u00e7\u00e3o, em uma a\u00e7\u00e3o que integra diversas partes da zona rural euclidense por meio do futebol, al\u00e9m das atividades comerciais que movimentam as comunidades sedes dos jogos nos finais de semana. Neste ano, a organiza\u00e7\u00e3o pagar\u00e1 25 mil reais em premia\u00e7\u00e3o aos primeiros colocados, incluindo outras categorias, e ofertar\u00e1 shows ao vivo nas comunidades representadas pelas equipes finalistas.<\/p>\n<p style=\"text-align: justify;\"><img fetchpriority=\"high\" decoding=\"async\" class=\"size-thumbnail wp-image-15254 aligncenter\" src=\"http:\/\/www.portalalerta.com.br\/wp-content\/uploads\/2019\/03\/Real-Estilo-e-Voc\u00ea-633x240.jpeg\" alt=\"\" width=\"633\" height=\"240\" srcset=\"https:\/\/www.portalalerta.com.br\/wp-content\/uploads\/2019\/03\/Real-Estilo-e-Voc\u00ea-633x240.jpeg 633w, https:\/\/www.portalalerta.com.br\/wp-content\/uploads\/2019\/03\/Real-Estilo-e-Voc\u00ea-260x99.jpeg 260w, https:\/\/www.portalalerta.com.br\/wp-content\/uploads\/2019\/03\/Real-Estilo-e-Voc\u00ea-50x19.jpeg 50w, https:\/\/www.portalalerta.com.br\/wp-content\/uploads\/2019\/03\/Real-Estilo-e-Voc\u00ea-150x57.jpeg 150w, https:\/\/www.portalalerta.com.br\/wp-content\/uploads\/2019\/03\/Real-Estilo-e-Voc\u00ea.jpeg 720w\" sizes=\"(max-width: 633px) 100vw, 633px\" \/>A competi\u00e7\u00e3o iniciar\u00e1 dia 27 de abril, com previs\u00e3o de se encerrar no m\u00eas de setembro.<\/p>\n<p>S\u00e3o 32 equipes em disputa pelo trof\u00e9u mais famoso da regi\u00e3o.<\/p>\n<p style=\"text-align: justify;\">Abaixo tabela dos jogos da primeira fase.<\/p>\n<p><img decoding=\"async\" class=\"aligncenter wp-image-16457 size-full\" src=\"http:\/\/www.portalalerta.com.br\/wp-content\/uploads\/2019\/04\/tabela-primeira-fase-da-Copa-Rural-de-Euclides-da-Cunha-2019.jpg\" alt=\"\" width=\"500\" height=\"800\" srcset=\"https:\/\/www.portalalerta.com.br\/wp-content\/uploads\/2019\/04\/tabela-primeira-fase-da-Copa-Rural-de-Euclides-da-Cunha-2019.jpg 500w, https:\/\/www.portalalerta.com.br\/wp-content\/uploads\/2019\/04\/tabela-primeira-fase-da-Copa-Rural-de-Euclides-da-Cunha-2019-150x240.jpg 150w, https:\/\/www.portalalerta.com.br\/wp-content\/uploads\/2019\/04\/tabela-primeira-fase-da-Copa-Rural-de-Euclides-da-Cunha-2019-91x146.jpg 91w, https:\/\/www.portalalerta.com.br\/wp-content\/uploads\/2019\/04\/tabela-primeira-fase-da-Copa-Rural-de-Euclides-da-Cunha-2019-31x50.jpg 31w, https:\/\/www.portalalerta.com.br\/wp-content\/uploads\/2019\/04\/tabela-primeira-fase-da-Copa-Rural-de-Euclides-da-Cunha-2019-47x75.jpg 47w\" sizes=\"(max-width: 500px) 100vw, 500px\" \/><\/p>\n<p style=\"text-align: justify;\"><em>Fonte: euclidesdacunha.com.br<\/em><\/p>\n","protected":false},"excerpt":{"rendered":"<p>A competi\u00e7\u00e3o dar\u00e1 in\u00edcio no dia 27 de Abril, encerra no m\u00eas de Setembro, com premia\u00e7\u00e3o de R$ 25 mil.<\/p>\n","protected":false},"author":2,"featured_media":16458,"comment_status":"open","ping_status":"open","sticky":false,"template":"","format":"standard","meta":{"om_disable_all_campaigns":false,"_monsterinsights_skip_tracking":false,"_monsterinsights_sitenote_active":false,"_monsterinsights_sitenote_note":"","_monsterinsights_sitenote_category":0,"footnotes":""},"categories":[2,17,69,32],"tags":[1887,98,96,129,97],"class_list":["post-16456","post","type-post","status-publish","format-standard","has-post-thumbnail","hentry","category-esportes","category-euclides-da-cunha","category-noticias2","category-regiao","tag-1887","tag-copa-rural","tag-esporte","tag-euclides-da-cunha","tag-futebol"],"aioseo_notices":[],"_links":{"self":[{"href":"https:\/\/www.portalalerta.com.br\/index.php\/wp-json\/wp\/v2\/posts\/16456","targetHints":{"allow":["GET"]}}],"collection":[{"href":"https:\/\/www.portalalerta.com.br\/index.php\/wp-json\/wp\/v2\/posts"}],"about":[{"href":"https:\/\/www.portalalerta.com.br\/index.php\/wp-json\/wp\/v2\/types\/post"}],"author":[{"embeddable":true,"href":"https:\/\/www.portalalerta.com.br\/index.php\/wp-json\/wp\/v2\/users\/2"}],"replies":[{"embeddable":true,"href":"https:\/\/www.portalalerta.com.br\/index.php\/wp-json\/wp\/v2\/comments?post=16456"}],"version-history":[{"count":0,"href":"https:\/\/www.portalalerta.com.br\/index.php\/wp-json\/wp\/v2\/posts\/16456\/revisions"}],"wp:featuredmedia":[{"embeddable":true,"href":"https:\/\/www.portalalerta.com.br\/index.php\/wp-json\/wp\/v2\/media\/16458"}],"wp:attachment":[{"href":"https:\/\/www.portalalerta.com.br\/index.php\/wp-json\/wp\/v2\/media?parent=16456"}],"wp:term":[{"taxonomy":"category","embeddable":true,"href":"https:\/\/www.portalalerta.com.br\/index.php\/wp-json\/wp\/v2\/categories?post=16456"},{"taxonomy":"post_tag","embeddable":true,"href":"https:\/\/www.portalalerta.com.br\/index.php\/wp-json\/wp\/v2\/tags?post=16456"}],"curies":[{"name":"wp","href":"https:\/\/api.w.org\/{rel}","templated":true}]}}