{"id":16466,"date":"2019-04-24T12:00:04","date_gmt":"2019-04-24T15:00:04","guid":{"rendered":"http:\/\/www.portalalerta.com.br\/?p=16466"},"modified":"2019-04-24T12:00:04","modified_gmt":"2019-04-24T15:00:04","slug":"governo-quer-criar-agencia-para-vender-bens-apreendidos-de-criminosos","status":"publish","type":"post","link":"https:\/\/www.portalalerta.com.br\/index.php\/2019\/04\/24\/governo-quer-criar-agencia-para-vender-bens-apreendidos-de-criminosos\/","title":{"rendered":"Governo quer criar ag\u00eancia para vender bens apreendidos de criminosos"},"content":{"rendered":"<p style=\"text-align: justify;\">Segundo a colunista M\u00f4nica Bergamo, da Folha, a ideia \u00e9 arrecadar valores para converter em investimentos p\u00fablicos e evitar a desvaloriza\u00e7\u00e3o dos ativos<!--more--><\/p>\n<p style=\"text-align: justify;\">A Secretaria Nacional de Pol\u00edticas sobre Drogas (Senad), vinculada ao Minist\u00e9rio da Justi\u00e7a e Seguran\u00e7a P\u00fablica, quer criar uma ag\u00eancia nacional de gest\u00e3o e venda de bens apreendidos de traficantes e outros criminosos.<\/p>\n<p style=\"text-align: justify;\"><img fetchpriority=\"high\" decoding=\"async\" class=\"size-thumbnail wp-image-15910 alignleft\" src=\"http:\/\/www.portalalerta.com.br\/wp-content\/uploads\/2019\/04\/Auto-Escola-Nobre-Promo\u00e7\u00e3o-360x240.jpeg\" alt=\"\" width=\"360\" height=\"240\" srcset=\"https:\/\/www.portalalerta.com.br\/wp-content\/uploads\/2019\/04\/Auto-Escola-Nobre-Promo\u00e7\u00e3o-360x240.jpeg 360w, https:\/\/www.portalalerta.com.br\/wp-content\/uploads\/2019\/04\/Auto-Escola-Nobre-Promo\u00e7\u00e3o-219x146.jpeg 219w, https:\/\/www.portalalerta.com.br\/wp-content\/uploads\/2019\/04\/Auto-Escola-Nobre-Promo\u00e7\u00e3o-50x33.jpeg 50w, https:\/\/www.portalalerta.com.br\/wp-content\/uploads\/2019\/04\/Auto-Escola-Nobre-Promo\u00e7\u00e3o-113x75.jpeg 113w, https:\/\/www.portalalerta.com.br\/wp-content\/uploads\/2019\/04\/Auto-Escola-Nobre-Promo\u00e7\u00e3o.jpeg 600w\" sizes=\"(max-width: 360px) 100vw, 360px\" \/>Segundo a colunista M\u00f4nica Bergamo, da Folha, a pasta planeja formular um site de venda e otimizar os processos de aliena\u00e7\u00e3o dos bens apreendidos judicialmente, a fim de evitar a desvaloriza\u00e7\u00e3o do patrim\u00f4nio. Atualmente, cerca de 80 mil bens apreendidos aguardam leil\u00f5es p\u00fablicos na Senad e 20 mil devem ser leiloados neste semestre.<\/p>\n<p style=\"text-align: justify;\">A equipe da pasta, comandada pelo secret\u00e1rio Luiz Roberto Beggioria, fez visitas e conversas institucionais para conhecer experi\u00eancias de ag\u00eancias de gest\u00e3o de ativos na Fran\u00e7a, Holanda, It\u00e1lia e pa\u00edses latinos. O modelo inicial dever\u00e1 ser apresentado ao ministro Sergio Moro nas pr\u00f3ximas semanas, e a expectativa \u00e9 abrir o projeto para consulta p\u00fablica a partir de maio. Os valores arrecadados ser\u00e3o convertidos em investimentos p\u00fablicos.<\/p>\n<p style=\"text-align: justify;\"><em>Fonte: Metro1<\/em><\/p>\n","protected":false},"excerpt":{"rendered":"<p>Segundo a colunista M\u00f4nica Bergamo, da Folha, a ideia \u00e9 arrecadar valores para converter em investimentos p\u00fablicos e evitar a desvaloriza\u00e7\u00e3o dos ativos<\/p>\n","protected":false},"author":2,"featured_media":13256,"comment_status":"open","ping_status":"open","sticky":false,"template":"","format":"standard","meta":{"om_disable_all_campaigns":false,"_monsterinsights_skip_tracking":false,"_monsterinsights_sitenote_active":false,"_monsterinsights_sitenote_note":"","_monsterinsights_sitenote_category":0,"footnotes":""},"categories":[34,70,69,21,22],"tags":[93,249,1774,443],"class_list":["post-16466","post","type-post","status-publish","format-standard","has-post-thumbnail","hentry","category-brasil","category-destaques","category-noticias2","category-politica","category-seguranca","tag-brasil","tag-governo-federal","tag-ministro-da-justica","tag-sergio-moro"],"aioseo_notices":[],"_links":{"self":[{"href":"https:\/\/www.portalalerta.com.br\/index.php\/wp-json\/wp\/v2\/posts\/16466","targetHints":{"allow":["GET"]}}],"collection":[{"href":"https:\/\/www.portalalerta.com.br\/index.php\/wp-json\/wp\/v2\/posts"}],"about":[{"href":"https:\/\/www.portalalerta.com.br\/index.php\/wp-json\/wp\/v2\/types\/post"}],"author":[{"embeddable":true,"href":"https:\/\/www.portalalerta.com.br\/index.php\/wp-json\/wp\/v2\/users\/2"}],"replies":[{"embeddable":true,"href":"https:\/\/www.portalalerta.com.br\/index.php\/wp-json\/wp\/v2\/comments?post=16466"}],"version-history":[{"count":0,"href":"https:\/\/www.portalalerta.com.br\/index.php\/wp-json\/wp\/v2\/posts\/16466\/revisions"}],"wp:featuredmedia":[{"embeddable":true,"href":"https:\/\/www.portalalerta.com.br\/index.php\/wp-json\/wp\/v2\/media\/13256"}],"wp:attachment":[{"href":"https:\/\/www.portalalerta.com.br\/index.php\/wp-json\/wp\/v2\/media?parent=16466"}],"wp:term":[{"taxonomy":"category","embeddable":true,"href":"https:\/\/www.portalalerta.com.br\/index.php\/wp-json\/wp\/v2\/categories?post=16466"},{"taxonomy":"post_tag","embeddable":true,"href":"https:\/\/www.portalalerta.com.br\/index.php\/wp-json\/wp\/v2\/tags?post=16466"}],"curies":[{"name":"wp","href":"https:\/\/api.w.org\/{rel}","templated":true}]}}