{"id":16469,"date":"2019-04-24T12:12:58","date_gmt":"2019-04-24T15:12:58","guid":{"rendered":"http:\/\/www.portalalerta.com.br\/?p=16469"},"modified":"2019-04-24T12:12:58","modified_gmt":"2019-04-24T15:12:58","slug":"wagner-se-irrita-ao-ser-convocado-por-governo-bolsonaro-via-diario-oficial","status":"publish","type":"post","link":"https:\/\/www.portalalerta.com.br\/index.php\/2019\/04\/24\/wagner-se-irrita-ao-ser-convocado-por-governo-bolsonaro-via-diario-oficial\/","title":{"rendered":"Wagner se irrita ao ser convocado por governo Bolsonaro via Di\u00e1rio Oficial"},"content":{"rendered":"<p style=\"text-align: justify;\">O senador Jaques Wagner (PT) teria se irritado com o Minist\u00e9rio do Turismo que o convocou, por Di\u00e1rio Oficial, para regularizar pend\u00eancias da \u00e9poca de governador da Bahia. De acordo com a coluna Radar da Revista Veja, o que incomodou Wagner foi aparecer como \u201crespons\u00e1vel n\u00e3o localizado\u201d.<!--more--><\/p>\n<p style=\"text-align: justify;\"><img fetchpriority=\"high\" decoding=\"async\" class=\"size-thumbnail wp-image-15254 aligncenter\" src=\"http:\/\/www.portalalerta.com.br\/wp-content\/uploads\/2019\/03\/Real-Estilo-e-Voc\u00ea-633x240.jpeg\" alt=\"\" width=\"633\" height=\"240\" srcset=\"https:\/\/www.portalalerta.com.br\/wp-content\/uploads\/2019\/03\/Real-Estilo-e-Voc\u00ea-633x240.jpeg 633w, https:\/\/www.portalalerta.com.br\/wp-content\/uploads\/2019\/03\/Real-Estilo-e-Voc\u00ea-260x99.jpeg 260w, https:\/\/www.portalalerta.com.br\/wp-content\/uploads\/2019\/03\/Real-Estilo-e-Voc\u00ea-50x19.jpeg 50w, https:\/\/www.portalalerta.com.br\/wp-content\/uploads\/2019\/03\/Real-Estilo-e-Voc\u00ea-150x57.jpeg 150w, https:\/\/www.portalalerta.com.br\/wp-content\/uploads\/2019\/03\/Real-Estilo-e-Voc\u00ea.jpeg 720w\" sizes=\"(max-width: 633px) 100vw, 633px\" \/>Via assessoria, o ex-governador declarou que seu endere\u00e7o \u00e9 conhecido e que ele ocupa fun\u00e7\u00f5es p\u00fablicas em locais divulgados: \u201cN\u00e3o se justifica a sua notifica\u00e7\u00e3o por meio de edital p\u00fablico\u201d. A notifica\u00e7\u00e3o trata-se de um conv\u00eanio na \u00e1rea de turismo.<\/p>\n<p style=\"text-align: justify;\"><em>Fonte: Bahia Not\u00edcias<\/em><\/p>\n","protected":false},"excerpt":{"rendered":"<p>O senador Jaques Wagner (PT) teria se irritado com o Minist\u00e9rio do Turismo que o convocou, por Di\u00e1rio Oficial, para regularizar pend\u00eancias da \u00e9poca de governador da Bahia. De acordo com a coluna Radar da Revista Veja, o que incomodou Wagner foi aparecer como \u201crespons\u00e1vel n\u00e3o localizado\u201d.<\/p>\n","protected":false},"author":2,"featured_media":5080,"comment_status":"open","ping_status":"open","sticky":false,"template":"","format":"standard","meta":{"om_disable_all_campaigns":false,"_monsterinsights_skip_tracking":false,"_monsterinsights_sitenote_active":false,"_monsterinsights_sitenote_note":"","_monsterinsights_sitenote_category":0,"footnotes":""},"categories":[33,34,70,69],"tags":[54,955,1225,117,249,614,233],"class_list":["post-16469","post","type-post","status-publish","format-standard","has-post-thumbnail","hentry","category-bahia","category-brasil","category-destaques","category-noticias2","tag-bahia","tag-convocacao","tag-diario-oficial","tag-ex-governador","tag-governo-federal","tag-jaques-wagner","tag-senador"],"aioseo_notices":[],"_links":{"self":[{"href":"https:\/\/www.portalalerta.com.br\/index.php\/wp-json\/wp\/v2\/posts\/16469","targetHints":{"allow":["GET"]}}],"collection":[{"href":"https:\/\/www.portalalerta.com.br\/index.php\/wp-json\/wp\/v2\/posts"}],"about":[{"href":"https:\/\/www.portalalerta.com.br\/index.php\/wp-json\/wp\/v2\/types\/post"}],"author":[{"embeddable":true,"href":"https:\/\/www.portalalerta.com.br\/index.php\/wp-json\/wp\/v2\/users\/2"}],"replies":[{"embeddable":true,"href":"https:\/\/www.portalalerta.com.br\/index.php\/wp-json\/wp\/v2\/comments?post=16469"}],"version-history":[{"count":0,"href":"https:\/\/www.portalalerta.com.br\/index.php\/wp-json\/wp\/v2\/posts\/16469\/revisions"}],"wp:featuredmedia":[{"embeddable":true,"href":"https:\/\/www.portalalerta.com.br\/index.php\/wp-json\/wp\/v2\/media\/5080"}],"wp:attachment":[{"href":"https:\/\/www.portalalerta.com.br\/index.php\/wp-json\/wp\/v2\/media?parent=16469"}],"wp:term":[{"taxonomy":"category","embeddable":true,"href":"https:\/\/www.portalalerta.com.br\/index.php\/wp-json\/wp\/v2\/categories?post=16469"},{"taxonomy":"post_tag","embeddable":true,"href":"https:\/\/www.portalalerta.com.br\/index.php\/wp-json\/wp\/v2\/tags?post=16469"}],"curies":[{"name":"wp","href":"https:\/\/api.w.org\/{rel}","templated":true}]}}