{"id":16489,"date":"2019-04-25T01:44:17","date_gmt":"2019-04-25T04:44:17","guid":{"rendered":"http:\/\/www.portalalerta.com.br\/?p=16489"},"modified":"2019-04-25T01:44:17","modified_gmt":"2019-04-25T04:44:17","slug":"dois-presos-e-uma-menor-apreendida-durante-operacao-pc27-em-ribeira-do-pombal-ba-entenda","status":"publish","type":"post","link":"https:\/\/www.portalalerta.com.br\/index.php\/2019\/04\/25\/dois-presos-e-uma-menor-apreendida-durante-operacao-pc27-em-ribeira-do-pombal-ba-entenda\/","title":{"rendered":"Dois presos e uma menor apreendida durante Opera\u00e7\u00e3o PC27, em Ribeira do Pombal-BA. Entenda!"},"content":{"rendered":"<p style=\"text-align: justify;\">Durante todo o dia de quarta-feira, 24, mais de 12 mil policiais civis de todo o pa\u00eds se se empenharam em cumprirem mandados de pris\u00e3o e de busca e apreens\u00e3o em desfavor de mais de 1.000 procurados pela justi\u00e7a. A opera\u00e7\u00e3o recebeu o nome de PC27, justamente pelo fato de mobilizar as pol\u00edcias civis dos 26 Estados, al\u00e9m do Distrito Federal.<!--more--><\/p>\n<p style=\"text-align: justify;\">At\u00e9 as 18:00hs, em todo pa\u00eds, j\u00e1 tinham sido presas aproximadamente 3.300 pessoas, al\u00e9m de 274 menores apreendidos. A maioria dos conduzidos s\u00e3o considerados de alta periculosidade, tendo participa\u00e7\u00e3o em crimes como: homic\u00eddios, roubos e estupros.<\/p>\n<p style=\"text-align: justify;\">Na Bahia foram efetuadas 93 pris\u00f5es, al\u00e9m de 9 menores apreendidos. Al\u00e9m de Ribeira do Pombal-BA, a Opera\u00e7\u00e3o aconteceu em: Salvador, Ilh\u00e9us, Teixeira de Freitas, Casa Nova, e Juazeiro.<\/p>\n<p style=\"text-align: justify;\"><strong><img fetchpriority=\"high\" decoding=\"async\" class=\"size-thumbnail wp-image-15254 aligncenter\" src=\"http:\/\/www.portalalerta.com.br\/wp-content\/uploads\/2019\/03\/Real-Estilo-e-Voc\u00ea-633x240.jpeg\" alt=\"\" width=\"633\" height=\"240\" srcset=\"https:\/\/www.portalalerta.com.br\/wp-content\/uploads\/2019\/03\/Real-Estilo-e-Voc\u00ea-633x240.jpeg 633w, https:\/\/www.portalalerta.com.br\/wp-content\/uploads\/2019\/03\/Real-Estilo-e-Voc\u00ea-260x99.jpeg 260w, https:\/\/www.portalalerta.com.br\/wp-content\/uploads\/2019\/03\/Real-Estilo-e-Voc\u00ea-50x19.jpeg 50w, https:\/\/www.portalalerta.com.br\/wp-content\/uploads\/2019\/03\/Real-Estilo-e-Voc\u00ea-150x57.jpeg 150w, https:\/\/www.portalalerta.com.br\/wp-content\/uploads\/2019\/03\/Real-Estilo-e-Voc\u00ea.jpeg 720w\" sizes=\"(max-width: 633px) 100vw, 633px\" \/>Ribeira do Pombal<\/strong><\/p>\n<p style=\"text-align: justify;\">Em Ribeira do Pombal-BA, policiais civis comandados pelo Delegado Titular Dr. Edemir Luchini, cumpriram dois mandados de pris\u00e3o, e um de busca e apreens\u00e3o. Na ocasi\u00e3o, foram apresentados: Dem\u00e1rio Santos Bastos, acusado da pr\u00e1tica de homic\u00eddio; Jos\u00e9 Freire Dias Filho, acusado de crime contra a mulher (Maria da Penha); e a menor de iniciais A.F.S.M, apontada como part\u00edcipe no homic\u00eddio que vitimou o empres\u00e1rio pombalense <a href=\"http:\/\/www.portalalerta.com.br\/index.php\/2018\/06\/21\/empresario-e-brutalmente-assassinado-em-ribeira-do-pombal-ba-e-veiculo-da-vitima-e-encontrado-incendiado-em-ribeira-do-amparo-ba\/\"><strong>Jo\u00e3o Batista dos Santos (Jo\u00e3o do Rel\u00f3gio)<\/strong><\/a>, fato ocorrido em 21 de junho de 2018.<\/p>\n<p style=\"text-align: justify;\"><img decoding=\"async\" class=\"aligncenter wp-image-16491 size-full\" src=\"http:\/\/www.portalalerta.com.br\/wp-content\/uploads\/2019\/04\/Opera\u00e7\u00e3o-PC27.1.jpeg\" alt=\"\" width=\"720\" height=\"638\" srcset=\"https:\/\/www.portalalerta.com.br\/wp-content\/uploads\/2019\/04\/Opera\u00e7\u00e3o-PC27.1.jpeg 720w, https:\/\/www.portalalerta.com.br\/wp-content\/uploads\/2019\/04\/Opera\u00e7\u00e3o-PC27.1-271x240.jpeg 271w, https:\/\/www.portalalerta.com.br\/wp-content\/uploads\/2019\/04\/Opera\u00e7\u00e3o-PC27.1-165x146.jpeg 165w, https:\/\/www.portalalerta.com.br\/wp-content\/uploads\/2019\/04\/Opera\u00e7\u00e3o-PC27.1-50x44.jpeg 50w, https:\/\/www.portalalerta.com.br\/wp-content\/uploads\/2019\/04\/Opera\u00e7\u00e3o-PC27.1-85x75.jpeg 85w\" sizes=\"(max-width: 720px) 100vw, 720px\" \/>O trio foi conduzido para a Delegacia de Pol\u00edcia Civil de Ribeira do Pombal-BA, onde se encontram \u00e0 disposi\u00e7\u00e3o da justi\u00e7a local.<\/p>\n<p style=\"text-align: justify;\">Em entrevista ao Rep\u00f3rter Paulo Andrade da R\u00e1dio Pombal FM, Dr. Edemir falou sobre os tr\u00eas cumprimentos de mandados dos nove expedidos. Confira:<\/p>\n<p style=\"text-align: justify;\"><iframe title=\"Opera\u00e7\u00e3o PC27 em Ribeira do Pombal\" width=\"500\" height=\"281\" src=\"https:\/\/www.youtube.com\/embed\/kH8exSEBviA?feature=oembed\" frameborder=\"0\" allow=\"accelerometer; autoplay; clipboard-write; encrypted-media; gyroscope; picture-in-picture; web-share\" referrerpolicy=\"strict-origin-when-cross-origin\" allowfullscreen><\/iframe><\/p>\n<p style=\"text-align: justify;\"><a href=\"http:\/\/www.facebook.com.br\/pombalalerta\"><strong style=\"font-style: inherit;\">Curta nossa p\u00e1gina no facebook, e continue atualizado sobre tudo o que acontece em sua cidade!<\/strong><\/a><\/p>\n<p style=\"text-align: justify;\"><a href=\"https:\/\/play.google.com\/store\/apps\/details?id=com.globalstore.portalalerta\"><strong style=\"font-style: inherit;\">Baixe o NOVO APLICATIVO Portal Alerta, e fique de olho na not\u00edcia<\/strong><\/a><\/p>\n<p style=\"text-align: justify;\"><em style=\"font-weight: inherit;\">Reda\u00e7\u00e3o: Portal Alerta<\/em><\/p>\n<p style=\"text-align: justify;\"><em>Imagens: Pol\u00edcia Civil e Rep\u00f3rter Paulo Andrade (R\u00e1dio Pombal FM)<\/em><\/p>\n","protected":false},"excerpt":{"rendered":"<p>Durante todo o dia de quarta-feira, 24, mais de 12 mil policiais civis de todo o pa\u00eds se se empenharam em cumprirem mandados de pris\u00e3o e de busca e apreens\u00e3o em desfavor de mais de 1.000 procurados pela justi\u00e7a. A opera\u00e7\u00e3o recebeu o nome de PC27, justamente pelo fato de mobilizar as pol\u00edcias civis dos &hellip;<\/p>\n","protected":false},"author":2,"featured_media":16492,"comment_status":"open","ping_status":"open","sticky":false,"template":"","format":"standard","meta":{"om_disable_all_campaigns":false,"_monsterinsights_skip_tracking":false,"_monsterinsights_sitenote_active":false,"_monsterinsights_sitenote_note":"","_monsterinsights_sitenote_category":0,"footnotes":""},"categories":[33,34,70,69,32,3,22],"tags":[143,54,93,2622,206,317,445,175,488,480,57,122,110,47,330,1363],"class_list":["post-16489","post","type-post","status-publish","format-standard","has-post-thumbnail","hentry","category-bahia","category-brasil","category-destaques","category-noticias2","category-regiao","category-ribeira-do-pombal","category-seguranca","tag-apreensao","tag-bahia","tag-brasil","tag-casa-nova","tag-homicidio","tag-ilheus","tag-juazeiro","tag-mandado-de-busca-e-apreensao","tag-mandado-de-prisao","tag-maria-da-penha","tag-menor","tag-policia-civil","tag-presos","tag-ribeira-do-pombal","tag-salvador","tag-teixeira-de-freitas"],"aioseo_notices":[],"_links":{"self":[{"href":"https:\/\/www.portalalerta.com.br\/index.php\/wp-json\/wp\/v2\/posts\/16489","targetHints":{"allow":["GET"]}}],"collection":[{"href":"https:\/\/www.portalalerta.com.br\/index.php\/wp-json\/wp\/v2\/posts"}],"about":[{"href":"https:\/\/www.portalalerta.com.br\/index.php\/wp-json\/wp\/v2\/types\/post"}],"author":[{"embeddable":true,"href":"https:\/\/www.portalalerta.com.br\/index.php\/wp-json\/wp\/v2\/users\/2"}],"replies":[{"embeddable":true,"href":"https:\/\/www.portalalerta.com.br\/index.php\/wp-json\/wp\/v2\/comments?post=16489"}],"version-history":[{"count":0,"href":"https:\/\/www.portalalerta.com.br\/index.php\/wp-json\/wp\/v2\/posts\/16489\/revisions"}],"wp:featuredmedia":[{"embeddable":true,"href":"https:\/\/www.portalalerta.com.br\/index.php\/wp-json\/wp\/v2\/media\/16492"}],"wp:attachment":[{"href":"https:\/\/www.portalalerta.com.br\/index.php\/wp-json\/wp\/v2\/media?parent=16489"}],"wp:term":[{"taxonomy":"category","embeddable":true,"href":"https:\/\/www.portalalerta.com.br\/index.php\/wp-json\/wp\/v2\/categories?post=16489"},{"taxonomy":"post_tag","embeddable":true,"href":"https:\/\/www.portalalerta.com.br\/index.php\/wp-json\/wp\/v2\/tags?post=16489"}],"curies":[{"name":"wp","href":"https:\/\/api.w.org\/{rel}","templated":true}]}}