{"id":16496,"date":"2019-04-25T13:07:14","date_gmt":"2019-04-25T16:07:14","guid":{"rendered":"http:\/\/www.portalalerta.com.br\/?p=16496"},"modified":"2019-04-25T13:07:14","modified_gmt":"2019-04-25T16:07:14","slug":"homem-foi-preso-apos-ser-flagrado-com-drogas-durante-festa-em-jeremoabo-ba","status":"publish","type":"post","link":"https:\/\/www.portalalerta.com.br\/index.php\/2019\/04\/25\/homem-foi-preso-apos-ser-flagrado-com-drogas-durante-festa-em-jeremoabo-ba\/","title":{"rendered":"Homem foi preso ap\u00f3s ser flagrado com drogas durante festa em Jeremoabo- BA"},"content":{"rendered":"<p style=\"text-align: justify;\">Eduardo Vieira dos Santos foi preso por suspeita de tr\u00e1fico de drogas na noite do domingo (21), por volta das 22h30min na cidade de Jeremoabo- BA. Ele Foi flagrado com coca\u00edna durante a festividade conhecida como Cavalgada, evento tradicional do munic\u00edpio.<!--more--><\/p>\n<p style=\"text-align: justify;\"><img fetchpriority=\"high\" decoding=\"async\" class=\"size-full wp-image-2902 alignleft\" src=\"http:\/\/www.portalalerta.com.br\/wp-content\/uploads\/2017\/11\/elab-2.jpg\" alt=\"\" width=\"310\" height=\"200\" srcset=\"https:\/\/www.portalalerta.com.br\/wp-content\/uploads\/2017\/11\/elab-2.jpg 310w, https:\/\/www.portalalerta.com.br\/wp-content\/uploads\/2017\/11\/elab-2-226x146.jpg 226w, https:\/\/www.portalalerta.com.br\/wp-content\/uploads\/2017\/11\/elab-2-50x32.jpg 50w, https:\/\/www.portalalerta.com.br\/wp-content\/uploads\/2017\/11\/elab-2-116x75.jpg 116w\" sizes=\"(max-width: 310px) 100vw, 310px\" \/>Segundo a Pol\u00edcia Militar, uma guarni\u00e7\u00e3o realizava patrulhamento pelas ruas da cidade, onde estaria sendo realizada a festa, quando avistou o rapaz em atitude suspeita no meio da multid\u00e3o.<\/p>\n<p style=\"text-align: justify;\">O suspeito foi abordado e os policiais encontraram com ele quinze papelotes com por\u00e7\u00f5es de um p\u00f3 branco. Ainda de acordo com a PM, ele confessou que o entorpecente era coca\u00edna.<\/p>\n<p style=\"text-align: justify;\">O material foi apreendido e o suspeito foi conduzido para a delegacia de pol\u00edcia da cidade. Em seguida foi encaminhado para a Delegacia de Paulo Afonso, onde foram tomadas as medidas cab\u00edveis.<\/p>\n<p style=\"text-align: justify;\">\n<figure id=\"attachment_16497\" aria-describedby=\"caption-attachment-16497\" style=\"width: 500px\" class=\"wp-caption aligncenter\"><img decoding=\"async\" class=\"wp-image-16497 size-full\" src=\"http:\/\/www.portalalerta.com.br\/wp-content\/uploads\/2019\/04\/Eduardo-Vieira-dos-Santos.jpg\" alt=\"\" width=\"500\" height=\"400\" srcset=\"https:\/\/www.portalalerta.com.br\/wp-content\/uploads\/2019\/04\/Eduardo-Vieira-dos-Santos.jpg 500w, https:\/\/www.portalalerta.com.br\/wp-content\/uploads\/2019\/04\/Eduardo-Vieira-dos-Santos-300x240.jpg 300w, https:\/\/www.portalalerta.com.br\/wp-content\/uploads\/2019\/04\/Eduardo-Vieira-dos-Santos-183x146.jpg 183w, https:\/\/www.portalalerta.com.br\/wp-content\/uploads\/2019\/04\/Eduardo-Vieira-dos-Santos-50x40.jpg 50w, https:\/\/www.portalalerta.com.br\/wp-content\/uploads\/2019\/04\/Eduardo-Vieira-dos-Santos-94x75.jpg 94w\" sizes=\"(max-width: 500px) 100vw, 500px\" \/><figcaption id=\"caption-attachment-16497\" class=\"wp-caption-text\">Eduardo foi flagrado com coca\u00edna durante festa em Jeremoabo<\/figcaption><\/figure>\n<p style=\"text-align: justify;\"><em>Fonte: Chico Sabe Tudo <\/em><\/p>\n","protected":false},"excerpt":{"rendered":"<p>Eduardo Vieira dos Santos foi preso por suspeita de tr\u00e1fico de drogas na noite do domingo (21), por volta das 22h30min na cidade de Jeremoabo- BA. Ele Foi flagrado com coca\u00edna durante a festividade conhecida como Cavalgada, evento tradicional do munic\u00edpio.<\/p>\n","protected":false},"author":2,"featured_media":16498,"comment_status":"open","ping_status":"open","sticky":false,"template":"","format":"standard","meta":{"om_disable_all_campaigns":false,"_monsterinsights_skip_tracking":false,"_monsterinsights_sitenote_active":false,"_monsterinsights_sitenote_note":"","_monsterinsights_sitenote_category":0,"footnotes":""},"categories":[70,9,69,32,22],"tags":[344,230,79,77,76],"class_list":["post-16496","post","type-post","status-publish","format-standard","has-post-thumbnail","hentry","category-destaques","category-jeremoabo","category-noticias2","category-regiao","category-seguranca","tag-festa","tag-jeremoabo","tag-policia-militar","tag-preso","tag-trafico-de-drogas"],"aioseo_notices":[],"_links":{"self":[{"href":"https:\/\/www.portalalerta.com.br\/index.php\/wp-json\/wp\/v2\/posts\/16496","targetHints":{"allow":["GET"]}}],"collection":[{"href":"https:\/\/www.portalalerta.com.br\/index.php\/wp-json\/wp\/v2\/posts"}],"about":[{"href":"https:\/\/www.portalalerta.com.br\/index.php\/wp-json\/wp\/v2\/types\/post"}],"author":[{"embeddable":true,"href":"https:\/\/www.portalalerta.com.br\/index.php\/wp-json\/wp\/v2\/users\/2"}],"replies":[{"embeddable":true,"href":"https:\/\/www.portalalerta.com.br\/index.php\/wp-json\/wp\/v2\/comments?post=16496"}],"version-history":[{"count":0,"href":"https:\/\/www.portalalerta.com.br\/index.php\/wp-json\/wp\/v2\/posts\/16496\/revisions"}],"wp:featuredmedia":[{"embeddable":true,"href":"https:\/\/www.portalalerta.com.br\/index.php\/wp-json\/wp\/v2\/media\/16498"}],"wp:attachment":[{"href":"https:\/\/www.portalalerta.com.br\/index.php\/wp-json\/wp\/v2\/media?parent=16496"}],"wp:term":[{"taxonomy":"category","embeddable":true,"href":"https:\/\/www.portalalerta.com.br\/index.php\/wp-json\/wp\/v2\/categories?post=16496"},{"taxonomy":"post_tag","embeddable":true,"href":"https:\/\/www.portalalerta.com.br\/index.php\/wp-json\/wp\/v2\/tags?post=16496"}],"curies":[{"name":"wp","href":"https:\/\/api.w.org\/{rel}","templated":true}]}}