{"id":16517,"date":"2019-04-25T23:01:00","date_gmt":"2019-04-26T02:01:00","guid":{"rendered":"http:\/\/www.portalalerta.com.br\/?p=16517"},"modified":"2019-04-25T23:01:00","modified_gmt":"2019-04-26T02:01:00","slug":"brigamos-sobre-quem-lava-a-louca-diz-bolsonaro-sobre-crise-entre-mourao-e-carlos","status":"publish","type":"post","link":"https:\/\/www.portalalerta.com.br\/index.php\/2019\/04\/25\/brigamos-sobre-quem-lava-a-louca-diz-bolsonaro-sobre-crise-entre-mourao-e-carlos\/","title":{"rendered":"&#8216;Brigamos sobre quem lava a lou\u00e7a&#8217;, diz Bolsonaro sobre crise entre Mour\u00e3o e Carlos"},"content":{"rendered":"<p style=\"text-align: justify;\">O presidente Jair Bolsonaro (PSL) minimizou nesta quinta-feira (25) as alterca\u00e7\u00f5es entre o vice-presidente, Hamilton Mour\u00e3o (PRTB), e seu filho, Carlos Bolsonaro (PSL), comparando os acontecimentos a um casamento. O presidente disse tamb\u00e9m que manter\u00e1 a parceria com Mour\u00e3o at\u00e9 2022 no m\u00ednimo.<!--more--><\/p>\n<p style=\"text-align: justify;\"><img fetchpriority=\"high\" decoding=\"async\" class=\"size-thumbnail wp-image-15910 alignleft\" src=\"http:\/\/www.portalalerta.com.br\/wp-content\/uploads\/2019\/04\/Auto-Escola-Nobre-Promo\u00e7\u00e3o-360x240.jpeg\" alt=\"\" width=\"360\" height=\"240\" srcset=\"https:\/\/www.portalalerta.com.br\/wp-content\/uploads\/2019\/04\/Auto-Escola-Nobre-Promo\u00e7\u00e3o-360x240.jpeg 360w, https:\/\/www.portalalerta.com.br\/wp-content\/uploads\/2019\/04\/Auto-Escola-Nobre-Promo\u00e7\u00e3o-219x146.jpeg 219w, https:\/\/www.portalalerta.com.br\/wp-content\/uploads\/2019\/04\/Auto-Escola-Nobre-Promo\u00e7\u00e3o-50x33.jpeg 50w, https:\/\/www.portalalerta.com.br\/wp-content\/uploads\/2019\/04\/Auto-Escola-Nobre-Promo\u00e7\u00e3o-113x75.jpeg 113w, https:\/\/www.portalalerta.com.br\/wp-content\/uploads\/2019\/04\/Auto-Escola-Nobre-Promo\u00e7\u00e3o.jpeg 600w\" sizes=\"(max-width: 360px) 100vw, 360px\" \/>Segundo relatos do jornal Valor Econ\u00f4mico, Bolsonaro afirmou que &#8220;Estamos dormindo juntinhos a noite toda. Durante o dia, brigamos sobre quem lava a lou\u00e7a&#8221;. Ele tamb\u00e9m reclamou da &#8220;obsess\u00e3o de quem est\u00e1 fora do governo de criar cis\u00e3o dentro do governo&#8221;. O presidente negou a exist\u00eancia de uma ala militar no seu governo.<\/p>\n<p style=\"text-align: justify;\"><em>Fonte: Metro1<\/em><\/p>\n","protected":false},"excerpt":{"rendered":"<p>O presidente Jair Bolsonaro (PSL) minimizou nesta quinta-feira (25) as alterca\u00e7\u00f5es entre o vice-presidente, Hamilton Mour\u00e3o (PRTB), e seu filho, Carlos Bolsonaro (PSL), comparando os acontecimentos a um casamento. O presidente disse tamb\u00e9m que manter\u00e1 a parceria com Mour\u00e3o at\u00e9 2022 no m\u00ednimo.<\/p>\n","protected":false},"author":2,"featured_media":13241,"comment_status":"open","ping_status":"open","sticky":false,"template":"","format":"standard","meta":{"om_disable_all_campaigns":false,"_monsterinsights_skip_tracking":false,"_monsterinsights_sitenote_active":false,"_monsterinsights_sitenote_note":"","_monsterinsights_sitenote_category":0,"footnotes":""},"categories":[34,70,69,21],"tags":[93,1901,1719,1395],"class_list":["post-16517","post","type-post","status-publish","format-standard","has-post-thumbnail","hentry","category-brasil","category-destaques","category-noticias2","category-politica","tag-brasil","tag-crise","tag-general-mourao","tag-jair-bolsonaro"],"aioseo_notices":[],"_links":{"self":[{"href":"https:\/\/www.portalalerta.com.br\/index.php\/wp-json\/wp\/v2\/posts\/16517","targetHints":{"allow":["GET"]}}],"collection":[{"href":"https:\/\/www.portalalerta.com.br\/index.php\/wp-json\/wp\/v2\/posts"}],"about":[{"href":"https:\/\/www.portalalerta.com.br\/index.php\/wp-json\/wp\/v2\/types\/post"}],"author":[{"embeddable":true,"href":"https:\/\/www.portalalerta.com.br\/index.php\/wp-json\/wp\/v2\/users\/2"}],"replies":[{"embeddable":true,"href":"https:\/\/www.portalalerta.com.br\/index.php\/wp-json\/wp\/v2\/comments?post=16517"}],"version-history":[{"count":0,"href":"https:\/\/www.portalalerta.com.br\/index.php\/wp-json\/wp\/v2\/posts\/16517\/revisions"}],"wp:featuredmedia":[{"embeddable":true,"href":"https:\/\/www.portalalerta.com.br\/index.php\/wp-json\/wp\/v2\/media\/13241"}],"wp:attachment":[{"href":"https:\/\/www.portalalerta.com.br\/index.php\/wp-json\/wp\/v2\/media?parent=16517"}],"wp:term":[{"taxonomy":"category","embeddable":true,"href":"https:\/\/www.portalalerta.com.br\/index.php\/wp-json\/wp\/v2\/categories?post=16517"},{"taxonomy":"post_tag","embeddable":true,"href":"https:\/\/www.portalalerta.com.br\/index.php\/wp-json\/wp\/v2\/tags?post=16517"}],"curies":[{"name":"wp","href":"https:\/\/api.w.org\/{rel}","templated":true}]}}