{"id":16519,"date":"2019-04-25T23:09:19","date_gmt":"2019-04-26T02:09:19","guid":{"rendered":"http:\/\/www.portalalerta.com.br\/?p=16519"},"modified":"2019-04-25T23:09:19","modified_gmt":"2019-04-26T02:09:19","slug":"reforma-da-previdencia-como-votam-os-deputados-da-bahia","status":"publish","type":"post","link":"https:\/\/www.portalalerta.com.br\/index.php\/2019\/04\/25\/reforma-da-previdencia-como-votam-os-deputados-da-bahia\/","title":{"rendered":"Reforma da previd\u00eancia: como votam os deputados da Bahia?"},"content":{"rendered":"<p style=\"text-align: justify;\">Ap\u00f3s 62 dias do envio da\u00a0proposta da reforma da Previd\u00eancia, o governo do presidente Jair Bolsonaro (PSL) conseguiu aprovar a mat\u00e9ria na Comiss\u00e3o de Constitui\u00e7\u00e3o e Justi\u00e7a (CCJ) da C\u00e2mara Federal. O Planalto precisou ceder ao Centr\u00e3o e retirar quatro pontos da proposta. No entanto, ainda h\u00e1 um longo caminho pela frente. Agora, foi criada uma\u00a0comiss\u00e3o especial na Casa\u00a0s\u00f3 para debater o assunto e, s\u00f3 depois, ir\u00e1 \u00e0 plen\u00e1rio para vota\u00e7\u00e3o pelos parlamentares.<!--more--><\/p>\n<p style=\"text-align: justify;\">O\u00a0<strong>Jornal da Metr\u00f3pole\u00a0<\/strong>procurou todos os 39 deputados federais baianos para questionar como cada um deles ir\u00e1 votar no tema. Apenas tr\u00eas entre os deputados se posicionaram a favor da reforma. Outros dois se colocaram parcialmente a favor. Quinze deputados s\u00e3o totalmente contra a medida. A reportagem n\u00e3o conseguiu localizar outros 13 parlamentares e cinco deles n\u00e3o responderam at\u00e9 a publica\u00e7\u00e3o. Entre os indecisos, Jonga\u00a0 Bacelar(PR) ainda n\u00e3o tem posi\u00e7\u00e3o e analisa a PEC.<\/p>\n<p style=\"text-align: justify;\"><strong>Confira a lista:<\/strong><\/p>\n<p style=\"text-align: justify;\"><img fetchpriority=\"high\" decoding=\"async\" class=\"aligncenter wp-image-16520 size-full\" src=\"http:\/\/www.portalalerta.com.br\/wp-content\/uploads\/2019\/04\/Deputados-baianos-na-Reforma-da-Previd\u00eancia-2019.jpg\" alt=\"\" width=\"520\" height=\"380\" srcset=\"https:\/\/www.portalalerta.com.br\/wp-content\/uploads\/2019\/04\/Deputados-baianos-na-Reforma-da-Previd\u00eancia-2019.jpg 520w, https:\/\/www.portalalerta.com.br\/wp-content\/uploads\/2019\/04\/Deputados-baianos-na-Reforma-da-Previd\u00eancia-2019-328x240.jpg 328w, https:\/\/www.portalalerta.com.br\/wp-content\/uploads\/2019\/04\/Deputados-baianos-na-Reforma-da-Previd\u00eancia-2019-200x146.jpg 200w, https:\/\/www.portalalerta.com.br\/wp-content\/uploads\/2019\/04\/Deputados-baianos-na-Reforma-da-Previd\u00eancia-2019-50x37.jpg 50w, https:\/\/www.portalalerta.com.br\/wp-content\/uploads\/2019\/04\/Deputados-baianos-na-Reforma-da-Previd\u00eancia-2019-103x75.jpg 103w\" sizes=\"(max-width: 520px) 100vw, 520px\" \/><\/p>\n<p style=\"text-align: justify;\"><strong>Ap\u00f3s press\u00e3o e acordo, texto da PEC sofre pelo menos quatro altera\u00e7\u00f5es<\/strong><\/p>\n<p style=\"text-align: justify;\">A comiss\u00e3o especial foi criada na quarta-feira (24), por determina\u00e7\u00e3o do presidente Rodrigo Maia (DEM-RJ). Inicialmente, seriam 34 membros e 34 suplentes, mas o n\u00famero subiu. O colegiado ter\u00e1 49 membros e 49 suplentes &#8211; ao menos 21 deles do Centr\u00e3o.<\/p>\n<p style=\"text-align: justify;\">A proposta que chega \u00e0 comiss\u00e3o j\u00e1 vai sem os quatro pontos alterados na CCJ: o que retira a obrigatoriedade de recolhimento de FGTS de aposentados; o que define Bras\u00edlia como foro para qualquer tipo de a\u00e7\u00e3o judicial; o que retira da Constitui\u00e7\u00e3o a defini\u00e7\u00e3o de aposentadoria compuls\u00f3ria e o que deixa apenas com o Executivo qualquer altera\u00e7\u00e3o na Previd\u00eancia.<\/p>\n<p style=\"text-align: justify;\"><strong><img decoding=\"async\" class=\"size-full wp-image-2867 aligncenter\" src=\"http:\/\/www.portalalerta.com.br\/wp-content\/uploads\/2017\/11\/protege-1.jpg\" alt=\"\" width=\"600\" height=\"140\" \/>Aliados do governo n\u00e3o demonstram confian\u00e7a<\/strong><\/p>\n<p style=\"text-align: justify;\">O deputado federal Arthur Maia (DEM) faz parte da base aliada do governo, mas ainda n\u00e3o considera a proposta como \u201cfavor\u00e1vel\u201d \u00e0 popula\u00e7\u00e3o. \u201cO\u00a0que Paulo Guedes prop\u00f5e \u00e9 inseguro e n\u00e3o vejo a capacidade fiscal do sistema de bancar agora, porque a transi\u00e7\u00e3o \u00e9 cara\u201d, declarou.<\/p>\n<p style=\"text-align: justify;\">No atual molde da previd\u00eancia, quem \u00e9 contribuinte paga os benef\u00edcios dos aposentados. Na capitaliza\u00e7\u00e3o, cada contribui\u00e7\u00e3o serve como uma poupan\u00e7a para as futuras aposentadorias. \u201cO rombo vai aumentar\u201d, alerta o parlamentar democrata.<\/p>\n<p style=\"text-align: justify;\"><strong>Ala governista faz defesa da reforma<\/strong><\/p>\n<p style=\"text-align: justify;\">Um dos parlamentares que se disseram a favor da proposta foi o Ronaldo Carletto (PP). Em contato com a reportagem, ele afirmou que o texto \u00e9 de \u201csuma import\u00e2ncia\u201d para a retomada do crescimento e gera\u00e7\u00e3o de emprego, com garantia do equil\u00edbrio das contas p\u00fablicas. \u201cOs \u00fanicos dois pontos que o deputado n\u00e3o \u00e9 a favor s\u00e3o as quest\u00f5es do trabalhador rural e do benef\u00edcio de Presta\u00e7\u00e3o Continuada (BPC). O restante do texto, o deputado \u00e9 a favor\u201d, afirmou a assessoria de Carletto \u00e0 reportagem.<\/p>\n<p style=\"text-align: justify;\"><strong>Oposi\u00e7\u00e3o promete embate<\/strong><\/p>\n<p style=\"text-align: justify;\">Questionada pela reportagem, a deputada federal Alice Portugal (PCdoB) se declarou \u201ctotalmente contra\u201d ao texto do governo. \u201cA reforma \u00e9 sustentada em dois pilares falsos. Est\u00e1 mais do que comprovado pela pr\u00f3pria CPI sobre a Previd\u00eancia que a seguridade que sustenta a Sa\u00fade e a Assist\u00eancia Social\u201d, afirmou a parlamentar. \u201cNa verdade, a previd\u00eancia \u00e9 superavit\u00e1ria. Antes de se reformar, deveria-se ir atr\u00e1s de devedores e recuperar o caixa da seguridade\u201d, acrescentou.<\/p>\n<p style=\"text-align: justify;\"><strong><em>*Corre\u00e7\u00e3o: Ab\u00edlio Santana saiu do PHS-BA para o PR-BA em fevereiro deste ano<\/em><\/strong><\/p>\n<p style=\"text-align: justify;\"><em>Fonte: Metro1<\/em><\/p>\n","protected":false},"excerpt":{"rendered":"<p>Ap\u00f3s 62 dias do envio da\u00a0proposta da reforma da Previd\u00eancia, o governo do presidente Jair Bolsonaro (PSL) conseguiu aprovar a mat\u00e9ria na Comiss\u00e3o de Constitui\u00e7\u00e3o e Justi\u00e7a (CCJ) da C\u00e2mara Federal. O Planalto precisou ceder ao Centr\u00e3o e retirar quatro pontos da proposta. No entanto, ainda h\u00e1 um longo caminho pela frente. Agora, foi criada &hellip;<\/p>\n","protected":false},"author":2,"featured_media":4451,"comment_status":"open","ping_status":"open","sticky":false,"template":"","format":"standard","meta":{"om_disable_all_campaigns":false,"_monsterinsights_skip_tracking":false,"_monsterinsights_sitenote_active":false,"_monsterinsights_sitenote_note":"","_monsterinsights_sitenote_category":0,"footnotes":""},"categories":[33,34,70,69,21],"tags":[54,93,186,215,188],"class_list":["post-16519","post","type-post","status-publish","format-standard","has-post-thumbnail","hentry","category-bahia","category-brasil","category-destaques","category-noticias2","category-politica","tag-bahia","tag-brasil","tag-camara-dos-deputados","tag-deputado-federal","tag-reforma-da-previdencia"],"aioseo_notices":[],"_links":{"self":[{"href":"https:\/\/www.portalalerta.com.br\/index.php\/wp-json\/wp\/v2\/posts\/16519","targetHints":{"allow":["GET"]}}],"collection":[{"href":"https:\/\/www.portalalerta.com.br\/index.php\/wp-json\/wp\/v2\/posts"}],"about":[{"href":"https:\/\/www.portalalerta.com.br\/index.php\/wp-json\/wp\/v2\/types\/post"}],"author":[{"embeddable":true,"href":"https:\/\/www.portalalerta.com.br\/index.php\/wp-json\/wp\/v2\/users\/2"}],"replies":[{"embeddable":true,"href":"https:\/\/www.portalalerta.com.br\/index.php\/wp-json\/wp\/v2\/comments?post=16519"}],"version-history":[{"count":0,"href":"https:\/\/www.portalalerta.com.br\/index.php\/wp-json\/wp\/v2\/posts\/16519\/revisions"}],"wp:featuredmedia":[{"embeddable":true,"href":"https:\/\/www.portalalerta.com.br\/index.php\/wp-json\/wp\/v2\/media\/4451"}],"wp:attachment":[{"href":"https:\/\/www.portalalerta.com.br\/index.php\/wp-json\/wp\/v2\/media?parent=16519"}],"wp:term":[{"taxonomy":"category","embeddable":true,"href":"https:\/\/www.portalalerta.com.br\/index.php\/wp-json\/wp\/v2\/categories?post=16519"},{"taxonomy":"post_tag","embeddable":true,"href":"https:\/\/www.portalalerta.com.br\/index.php\/wp-json\/wp\/v2\/tags?post=16519"}],"curies":[{"name":"wp","href":"https:\/\/api.w.org\/{rel}","templated":true}]}}