{"id":16522,"date":"2019-04-25T23:18:31","date_gmt":"2019-04-26T02:18:31","guid":{"rendered":"http:\/\/www.portalalerta.com.br\/?p=16522"},"modified":"2019-04-25T23:18:31","modified_gmt":"2019-04-26T02:18:31","slug":"sinproerp-se-reune-com-prefeito-municipal-de-ribeira-do-pombal-ba-confira-o-que-ficou-decidido","status":"publish","type":"post","link":"https:\/\/www.portalalerta.com.br\/index.php\/2019\/04\/25\/sinproerp-se-reune-com-prefeito-municipal-de-ribeira-do-pombal-ba-confira-o-que-ficou-decidido\/","title":{"rendered":"SINPROERP se re\u00fane com prefeito municipal de Ribeira do Pombal-BA. Confira o que ficou decidido!"},"content":{"rendered":"<p style=\"text-align: justify;\">Em reuni\u00e3o realizada na \u00faltima quarta-feira, 24 de abril 2019, entre o prefeito de Ribeira do Pombal-BA, Ricardo Maia, e a Diretoria do SINPROERP foi acordado que:\u00a0\u00a0<!--more--><\/p>\n<p><img fetchpriority=\"high\" decoding=\"async\" class=\"alignleft wp-image-16510 size-full\" src=\"http:\/\/www.portalalerta.com.br\/wp-content\/uploads\/2019\/04\/Dia-das-m\u00e3es-Real-Cal\u00e7ados-2019.jpeg\" alt=\"\" width=\"300\" height=\"533\" srcset=\"https:\/\/www.portalalerta.com.br\/wp-content\/uploads\/2019\/04\/Dia-das-m\u00e3es-Real-Cal\u00e7ados-2019.jpeg 300w, https:\/\/www.portalalerta.com.br\/wp-content\/uploads\/2019\/04\/Dia-das-m\u00e3es-Real-Cal\u00e7ados-2019-135x240.jpeg 135w, https:\/\/www.portalalerta.com.br\/wp-content\/uploads\/2019\/04\/Dia-das-m\u00e3es-Real-Cal\u00e7ados-2019-82x146.jpeg 82w, https:\/\/www.portalalerta.com.br\/wp-content\/uploads\/2019\/04\/Dia-das-m\u00e3es-Real-Cal\u00e7ados-2019-28x50.jpeg 28w, https:\/\/www.portalalerta.com.br\/wp-content\/uploads\/2019\/04\/Dia-das-m\u00e3es-Real-Cal\u00e7ados-2019-42x75.jpeg 42w\" sizes=\"(max-width: 300px) 100vw, 300px\" \/><\/p>\n<ul style=\"text-align: justify;\">\n<li>Os professores continuar\u00e3o recebendo o deslocamento. Em abril receber\u00e3o fevereiro e mar\u00e7o.<\/li>\n<li>Quanto a progress\u00e3o das classes, o jur\u00eddico ir\u00e1 rever a quest\u00e3o e retornar\u00e1 ao sindicato.<\/li>\n<li>Os 12 professores que faltam receber as aulas extras, que est\u00e3o na lista do sindicato, receber\u00e3o imediatamente.<\/li>\n<li>A Reg\u00eancia de Classe continua sendo paga normalmente.<\/li>\n<li>Sobre o aumento salarial dos professores, uma nova reuni\u00e3o est\u00e1 j\u00e1 agendada para o dia 2 de maio 2019, sobre o \u00edndice em quest\u00e3o.<\/li>\n<li>Os professores que participaram da paralisa\u00e7\u00e3o contra a Reforma da Previd\u00eancia, e assinaram a lista de presen\u00e7a no sindicato, ter\u00e3o suas faltas abonadas.<\/li>\n<\/ul>\n<p style=\"text-align: justify;\"><em>Fonte: Joilson Costa<\/em><\/p>\n","protected":false},"excerpt":{"rendered":"<p>Em reuni\u00e3o realizada na \u00faltima quarta-feira, 24 de abril 2019, entre o prefeito de Ribeira do Pombal-BA, Ricardo Maia, e a Diretoria do SINPROERP foi acordado que:\u00a0\u00a0<\/p>\n","protected":false},"author":2,"featured_media":15466,"comment_status":"open","ping_status":"open","sticky":false,"template":"","format":"standard","meta":{"om_disable_all_campaigns":false,"_monsterinsights_skip_tracking":false,"_monsterinsights_sitenote_active":false,"_monsterinsights_sitenote_note":"","_monsterinsights_sitenote_category":0,"footnotes":""},"categories":[70,20,69,32,3],"tags":[140,198,184,47,146,715,1511],"class_list":["post-16522","post","type-post","status-publish","format-standard","has-post-thumbnail","hentry","category-destaques","category-educacao","category-noticias2","category-regiao","category-ribeira-do-pombal","tag-educacao","tag-prefeito","tag-professores","tag-ribeira-do-pombal","tag-ricardo-maia","tag-sindicato","tag-sinproerp"],"aioseo_notices":[],"_links":{"self":[{"href":"https:\/\/www.portalalerta.com.br\/index.php\/wp-json\/wp\/v2\/posts\/16522","targetHints":{"allow":["GET"]}}],"collection":[{"href":"https:\/\/www.portalalerta.com.br\/index.php\/wp-json\/wp\/v2\/posts"}],"about":[{"href":"https:\/\/www.portalalerta.com.br\/index.php\/wp-json\/wp\/v2\/types\/post"}],"author":[{"embeddable":true,"href":"https:\/\/www.portalalerta.com.br\/index.php\/wp-json\/wp\/v2\/users\/2"}],"replies":[{"embeddable":true,"href":"https:\/\/www.portalalerta.com.br\/index.php\/wp-json\/wp\/v2\/comments?post=16522"}],"version-history":[{"count":0,"href":"https:\/\/www.portalalerta.com.br\/index.php\/wp-json\/wp\/v2\/posts\/16522\/revisions"}],"wp:featuredmedia":[{"embeddable":true,"href":"https:\/\/www.portalalerta.com.br\/index.php\/wp-json\/wp\/v2\/media\/15466"}],"wp:attachment":[{"href":"https:\/\/www.portalalerta.com.br\/index.php\/wp-json\/wp\/v2\/media?parent=16522"}],"wp:term":[{"taxonomy":"category","embeddable":true,"href":"https:\/\/www.portalalerta.com.br\/index.php\/wp-json\/wp\/v2\/categories?post=16522"},{"taxonomy":"post_tag","embeddable":true,"href":"https:\/\/www.portalalerta.com.br\/index.php\/wp-json\/wp\/v2\/tags?post=16522"}],"curies":[{"name":"wp","href":"https:\/\/api.w.org\/{rel}","templated":true}]}}