{"id":16524,"date":"2019-04-25T23:44:34","date_gmt":"2019-04-26T02:44:34","guid":{"rendered":"http:\/\/www.portalalerta.com.br\/?p=16524"},"modified":"2019-04-25T23:44:34","modified_gmt":"2019-04-26T02:44:34","slug":"casal-e-assassinado-a-tiros-em-euclides-da-cunha-ambos-foram-encontrados-com-as-maos-amarradas","status":"publish","type":"post","link":"https:\/\/www.portalalerta.com.br\/index.php\/2019\/04\/25\/casal-e-assassinado-a-tiros-em-euclides-da-cunha-ambos-foram-encontrados-com-as-maos-amarradas\/","title":{"rendered":"Casal \u00e9 assassinado \u00e0 tiros em Euclides da Cunha. Ambos foram encontrados com as m\u00e3os amarradas!"},"content":{"rendered":"<p style=\"text-align: justify;\">No final da manh\u00e3 de quinta-feira, 25, Policiais Militares de Banza\u00ea-BA foram informados a respeito de um duplo homic\u00eddio ocorrido no Assentamento Remador da Jurema, zona rural de Euclides da Cunha-BA.<!--more--><\/p>\n<p style=\"text-align: justify;\"><img fetchpriority=\"high\" decoding=\"async\" class=\"size-full wp-image-2902 alignleft\" src=\"http:\/\/www.portalalerta.com.br\/wp-content\/uploads\/2017\/11\/elab-2.jpg\" alt=\"\" width=\"310\" height=\"200\" srcset=\"https:\/\/www.portalalerta.com.br\/wp-content\/uploads\/2017\/11\/elab-2.jpg 310w, https:\/\/www.portalalerta.com.br\/wp-content\/uploads\/2017\/11\/elab-2-226x146.jpg 226w, https:\/\/www.portalalerta.com.br\/wp-content\/uploads\/2017\/11\/elab-2-50x32.jpg 50w, https:\/\/www.portalalerta.com.br\/wp-content\/uploads\/2017\/11\/elab-2-116x75.jpg 116w\" sizes=\"(max-width: 310px) 100vw, 310px\" \/>Embora perten\u00e7a ao territ\u00f3rio de Euclides da Cunha, o local onde teria acontecido o crime, fica pr\u00f3ximo a Banza\u00ea, e por isso os militares lotados neste munic\u00edpio se deslocaram para a regi\u00e3o, onde confirmaram o fato. As v\u00edtimas identificadas como: Evandro Rodrigues de Ara\u00fajo, 44 anos, e Gilmara Souza de Hungria, foram encontradas no interior de uma casa, com as m\u00e3os amarradas para tr\u00e1s, e perfura\u00e7\u00f5es na cabe\u00e7a provocadas por disparos de arma de fogo.<\/p>\n<p style=\"text-align: justify;\">Ainda pr\u00f3ximo a resid\u00eancia onde o casal foi assassinado, foi encontrada uma motocicleta carbonizada.<\/p>\n<figure id=\"attachment_16525\" aria-describedby=\"caption-attachment-16525\" style=\"width: 427px\" class=\"wp-caption aligncenter\"><img decoding=\"async\" class=\"wp-image-16525 size-thumbnail\" src=\"http:\/\/www.portalalerta.com.br\/wp-content\/uploads\/2019\/04\/Motocicleta-carbonizada-em-Euclides-da-Cunha-2019-427x240.jpeg\" alt=\"\" width=\"427\" height=\"240\" srcset=\"https:\/\/www.portalalerta.com.br\/wp-content\/uploads\/2019\/04\/Motocicleta-carbonizada-em-Euclides-da-Cunha-2019-427x240.jpeg 427w, https:\/\/www.portalalerta.com.br\/wp-content\/uploads\/2019\/04\/Motocicleta-carbonizada-em-Euclides-da-Cunha-2019-260x146.jpeg 260w, https:\/\/www.portalalerta.com.br\/wp-content\/uploads\/2019\/04\/Motocicleta-carbonizada-em-Euclides-da-Cunha-2019-50x28.jpeg 50w, https:\/\/www.portalalerta.com.br\/wp-content\/uploads\/2019\/04\/Motocicleta-carbonizada-em-Euclides-da-Cunha-2019-133x75.jpeg 133w, https:\/\/www.portalalerta.com.br\/wp-content\/uploads\/2019\/04\/Motocicleta-carbonizada-em-Euclides-da-Cunha-2019.jpeg 720w\" sizes=\"(max-width: 427px) 100vw, 427px\" \/><figcaption id=\"caption-attachment-16525\" class=\"wp-caption-text\">Segundo informa\u00e7\u00f5es, a motocicleta pertencia a uma das v\u00edtimas<\/figcaption><\/figure>\n<p style=\"text-align: justify;\">O caso foi informado ao Departamento de Pol\u00edcia T\u00e9cnica (DPT \u2013 Euclides da Cunha), para a realiza\u00e7\u00e3o da per\u00edcia, bem como a remo\u00e7\u00e3o do corpo para ser autopsiado. A Pol\u00edcia Civil j\u00e1 iniciou as investiga\u00e7\u00f5es a respeito da autoria, bem como a motiva\u00e7\u00e3o deste crime brutal.<\/p>\n<p style=\"text-align: justify;\">Desta forma, j\u00e1 s\u00e3o quatro homic\u00eddios em Euclides da Cunha em 2019, sendo o segundo caso de duplo assassinato do ano.<\/p>\n<p style=\"text-align: justify;\"><a href=\"http:\/\/www.facebook.com.br\/pombalalerta\"><strong style=\"font-style: inherit;\">Curta nossa p\u00e1gina no facebook, e continue atualizado sobre tudo o que acontece em sua cidade!<\/strong><\/a><\/p>\n<p style=\"text-align: justify;\"><a href=\"https:\/\/play.google.com\/store\/apps\/details?id=com.globalstore.portalalerta\"><strong style=\"font-style: inherit;\">Baixe o NOVO APLICATIVO Portal Alerta, e fique de olho na not\u00edcia<\/strong><\/a><\/p>\n<p style=\"text-align: justify;\">Continuamos \u201cde olho na not\u00edcia\u201d em busca de mais informa\u00e7\u00f5es sobre o caso.<\/p>\n<p style=\"text-align: justify;\"><em style=\"font-weight: inherit;\">\u00a0Reda\u00e7\u00e3o: Portal Alerta<\/em><\/p>\n","protected":false},"excerpt":{"rendered":"<p>No final da manh\u00e3 de quinta-feira, 25, Policiais Militares de Banza\u00ea-BA foram informados a respeito de um duplo homic\u00eddio ocorrido no Assentamento Remador da Jurema, zona rural de Euclides da Cunha-BA.<\/p>\n","protected":false},"author":2,"featured_media":7993,"comment_status":"open","ping_status":"open","sticky":false,"template":"","format":"standard","meta":{"om_disable_all_campaigns":false,"_monsterinsights_skip_tracking":false,"_monsterinsights_sitenote_active":false,"_monsterinsights_sitenote_note":"","_monsterinsights_sitenote_category":0,"footnotes":""},"categories":[70,17,69,32,22],"tags":[128,129,206,139],"class_list":["post-16524","post","type-post","status-publish","format-standard","has-post-thumbnail","hentry","category-destaques","category-euclides-da-cunha","category-noticias2","category-regiao","category-seguranca","tag-disparo-de-arma-de-fogo","tag-euclides-da-cunha","tag-homicidio","tag-zona-rural"],"aioseo_notices":[],"_links":{"self":[{"href":"https:\/\/www.portalalerta.com.br\/index.php\/wp-json\/wp\/v2\/posts\/16524","targetHints":{"allow":["GET"]}}],"collection":[{"href":"https:\/\/www.portalalerta.com.br\/index.php\/wp-json\/wp\/v2\/posts"}],"about":[{"href":"https:\/\/www.portalalerta.com.br\/index.php\/wp-json\/wp\/v2\/types\/post"}],"author":[{"embeddable":true,"href":"https:\/\/www.portalalerta.com.br\/index.php\/wp-json\/wp\/v2\/users\/2"}],"replies":[{"embeddable":true,"href":"https:\/\/www.portalalerta.com.br\/index.php\/wp-json\/wp\/v2\/comments?post=16524"}],"version-history":[{"count":0,"href":"https:\/\/www.portalalerta.com.br\/index.php\/wp-json\/wp\/v2\/posts\/16524\/revisions"}],"wp:featuredmedia":[{"embeddable":true,"href":"https:\/\/www.portalalerta.com.br\/index.php\/wp-json\/wp\/v2\/media\/7993"}],"wp:attachment":[{"href":"https:\/\/www.portalalerta.com.br\/index.php\/wp-json\/wp\/v2\/media?parent=16524"}],"wp:term":[{"taxonomy":"category","embeddable":true,"href":"https:\/\/www.portalalerta.com.br\/index.php\/wp-json\/wp\/v2\/categories?post=16524"},{"taxonomy":"post_tag","embeddable":true,"href":"https:\/\/www.portalalerta.com.br\/index.php\/wp-json\/wp\/v2\/tags?post=16524"}],"curies":[{"name":"wp","href":"https:\/\/api.w.org\/{rel}","templated":true}]}}