{"id":16529,"date":"2019-04-26T13:06:04","date_gmt":"2019-04-26T16:06:04","guid":{"rendered":"http:\/\/www.portalalerta.com.br\/?p=16529"},"modified":"2019-04-26T13:06:04","modified_gmt":"2019-04-26T16:06:04","slug":"barroso-sugere-que-descredito-do-stf-e-fruto-de-decisoes-da-propria-corte","status":"publish","type":"post","link":"https:\/\/www.portalalerta.com.br\/index.php\/2019\/04\/26\/barroso-sugere-que-descredito-do-stf-e-fruto-de-decisoes-da-propria-corte\/","title":{"rendered":"Barroso sugere que &#8216;descr\u00e9dito&#8217; do STF \u00e9 fruto de decis\u00f5es da pr\u00f3pria Corte"},"content":{"rendered":"<p style=\"text-align: justify;\">O ministro Lu\u00eds Roberto Barroso, do Supremo Tribunal Federal (STF), avaliou nesta quinta-feira, 25, que o &#8220;momento de descr\u00e9dito&#8221; do Tribunal est\u00e1 relacionado \u00e0 percep\u00e7\u00e3o da sociedade de que os ministros por vezes protegem uma &#8220;elite corrupta&#8221;. Em palestra na Universidade de Columbia, em Nova York, Barroso sugeriu que isso \u00e9 fruto de decis\u00f5es tomadas pelo pr\u00f3prio tribunal e listou seis situa\u00e7\u00f5es que, segundo ele, n\u00e3o tornam dif\u00edcil entender &#8220;por que a sociedade se sente desta forma&#8221;.<!--more--><\/p>\n<p style=\"text-align: justify;\">Ele ponderou que por vezes cabe ao tribunal tomar decis\u00f5es contra majorit\u00e1rias, quando a decis\u00e3o que atende ao anseio da sociedade n\u00e3o passa pelo filtro da Constitui\u00e7\u00e3o. Mas, segundo Barroso, &#8220;uma Corte que repetidamente e prolongadamente toma decis\u00f5es com as quais a sociedade n\u00e3o concorda e n\u00e3o entende tem um problema&#8221;. &#8220;Porque a autoridade depende de confian\u00e7a e credibilidade. Se voc\u00ea perde isso, a for\u00e7a \u00e9 a \u00fanica coisa que sobra&#8221;, afirmou o ministro.<\/p>\n<p style=\"text-align: justify;\">Desde a semana passada, o STF vive uma das maiores crises da gest\u00e3o do presidente da Corte, Dias Toffoli, com o chamado inqu\u00e9rito das &#8220;fake news&#8221;, que imp\u00f4s remo\u00e7\u00e3o de conte\u00fado dos ve\u00edculos jornal\u00edsticos &#8220;O Antagonista&#8221; e &#8220;Cruso\u00e9&#8221;. As reportagens envolviam Toffoli e o delator da Lava Jato Marcelo Odebrecht. Atrav\u00e9s do inqu\u00e9rito, aberto por Toffoli e relatado pelo ministro Alexandre de Moraes, o STF determinou medidas contra os \u00f3rg\u00e3os de imprensa sem a participa\u00e7\u00e3o do Minist\u00e9rio P\u00fablico. O caso foi chamado de morda\u00e7a e censura por especialistas e ministros da pr\u00f3pria Corte, o que Toffoli recha\u00e7a. O ministro Marco Aur\u00e9lio Mello, do STF, disse ontem que o inqu\u00e9rito \u00e9 &#8220;natimorto&#8221; e deve ser analisado pelos 11 ministros que integram o tribunal.<\/p>\n<p style=\"text-align: justify;\"><img fetchpriority=\"high\" decoding=\"async\" class=\"size-full wp-image-2867 aligncenter\" src=\"http:\/\/www.portalalerta.com.br\/wp-content\/uploads\/2017\/11\/protege-1.jpg\" alt=\"\" width=\"600\" height=\"140\" \/>&#8220;A quest\u00e3o que me \u00e9 feita v\u00e1rias vezes \u00e9 por que a Suprema Corte est\u00e1 sob ataque, por que est\u00e1 sofrendo esse momento de descr\u00e9dito. Bem, o que acho que est\u00e1 acontecendo \u00e9 que uma grande parte da sociedade brasileira e da imprensa percebe a Suprema Corte como um obst\u00e1culo \u00e0 luta contra corrup\u00e7\u00e3o no Brasil. Sentem que a Corte por vezes protege a elite corrupta&#8221;, disse Barroso. O ministro tirou o celular do bolso para ler a &#8220;lista&#8221; do que elencou como seis &#8220;fatos&#8221; que geram o sentimento na sociedade.<\/p>\n<p style=\"text-align: justify;\">&#8220;S\u00e3o fatos e n\u00e3o minha opini\u00e3o&#8221;, disse o ministro, ao ler os pontos listados, que s\u00e3o todos considerados derrotas impostas pelo tribunal \u00e0 Opera\u00e7\u00e3o Lava Jato. Barroso tem sido, dentro da Corte, um defensor da investiga\u00e7\u00e3o e afirma que um &#8220;pacto olig\u00e1rquico&#8221; deve ser substitu\u00eddo por um &#8220;pacto de integridade&#8221; no Brasil. Ainda segundo ele, a sociedade tem a percep\u00e7\u00e3o de que &#8220;alguns ministros demonstram mais raiva dos promotores e ju\u00edzes que est\u00e3o fazendo um bom trabalho do que dos criminosos que saquearam o pa\u00eds&#8221;.<\/p>\n<p style=\"text-align: justify;\">Entraram na lista do ministro a decis\u00e3o do STF de enviar \u00e0 Justi\u00e7a Eleitoral casos de corrup\u00e7\u00e3o e lavagem relacionados \u00e0 caixa dois de campanha eleitoral e a restri\u00e7\u00e3o \u00e0 condu\u00e7\u00e3o coercitiva &#8220;quando os corruptos foram atingidos&#8221;. &#8220;Tudo o que a Corte (STF) poderia remover da Justi\u00e7a Criminal de Curitiba, cuja persecu\u00e7\u00e3o de corrup\u00e7\u00e3o estava indo bem, foi feito&#8221;, citou tamb\u00e9m o ministro.<\/p>\n<p style=\"text-align: justify;\">Outro ponto, segundo Barroso, \u00e9 o fato de parte dos ministros n\u00e3o cumprir a decis\u00e3o do plen\u00e1rio de determinar a execu\u00e7\u00e3o da pena ap\u00f3s a confirma\u00e7\u00e3o da condena\u00e7\u00e3o em tribunal de segundo grau. Os habeas corpus concedidos pela 2\u00aa Turma do STF a presos em investiga\u00e7\u00f5es por corrup\u00e7\u00e3o tamb\u00e9m entraram na mira do ministro. &#8220;Somente no Rio de Janeiro, mais de 40 pessoas presas por acusa\u00e7\u00f5es de corrup\u00e7\u00e3o foram soltas por habeas corpus concedidos na 2\u00aa Turma&#8221;, afirmou o ministro.<\/p>\n<p style=\"text-align: justify;\">Desde a intensifica\u00e7\u00e3o das pris\u00f5es da Lava Jato, os desdobramentos de investiga\u00e7\u00f5es de corrup\u00e7\u00e3o t\u00eam dividido o Supremo. Nos julgamentos, Barroso costuma ser porta-voz de parte do Tribunal considerado mais rigoroso com os criminosos de colarinho branco e protagonizou, por isso, discuss\u00f5es com outros integrantes do STF.<\/p>\n<p style=\"text-align: justify;\">Ao falar sobre as investiga\u00e7\u00f5es, o ministro disse que \u00e9 preciso ter cuidado para n\u00e3o criminalizar a pol\u00edtica. &#8220;Mas, ao mesmo tempo, n\u00e3o podemos glamourizar o crime. Devemos chamar as coisas pelos seus pr\u00f3prios nomes&#8221;, disse.<\/p>\n<p style=\"text-align: justify;\"><em>Fonte: A tarde<\/em><\/p>\n","protected":false},"excerpt":{"rendered":"<p>O ministro Lu\u00eds Roberto Barroso, do Supremo Tribunal Federal (STF), avaliou nesta quinta-feira, 25, que o &#8220;momento de descr\u00e9dito&#8221; do Tribunal est\u00e1 relacionado \u00e0 percep\u00e7\u00e3o da sociedade de que os ministros por vezes protegem uma &#8220;elite corrupta&#8221;. Em palestra na Universidade de Columbia, em Nova York, Barroso sugeriu que isso \u00e9 fruto de decis\u00f5es tomadas &hellip;<\/p>\n","protected":false},"author":2,"featured_media":5541,"comment_status":"open","ping_status":"open","sticky":false,"template":"","format":"standard","meta":{"om_disable_all_campaigns":false,"_monsterinsights_skip_tracking":false,"_monsterinsights_sitenote_active":false,"_monsterinsights_sitenote_note":"","_monsterinsights_sitenote_category":0,"footnotes":""},"categories":[34,70,69],"tags":[93,270,805,216],"class_list":["post-16529","post","type-post","status-publish","format-standard","has-post-thumbnail","hentry","category-brasil","category-destaques","category-noticias2","tag-brasil","tag-justica","tag-luiz-roberto-barroso","tag-stf"],"aioseo_notices":[],"_links":{"self":[{"href":"https:\/\/www.portalalerta.com.br\/index.php\/wp-json\/wp\/v2\/posts\/16529","targetHints":{"allow":["GET"]}}],"collection":[{"href":"https:\/\/www.portalalerta.com.br\/index.php\/wp-json\/wp\/v2\/posts"}],"about":[{"href":"https:\/\/www.portalalerta.com.br\/index.php\/wp-json\/wp\/v2\/types\/post"}],"author":[{"embeddable":true,"href":"https:\/\/www.portalalerta.com.br\/index.php\/wp-json\/wp\/v2\/users\/2"}],"replies":[{"embeddable":true,"href":"https:\/\/www.portalalerta.com.br\/index.php\/wp-json\/wp\/v2\/comments?post=16529"}],"version-history":[{"count":0,"href":"https:\/\/www.portalalerta.com.br\/index.php\/wp-json\/wp\/v2\/posts\/16529\/revisions"}],"wp:featuredmedia":[{"embeddable":true,"href":"https:\/\/www.portalalerta.com.br\/index.php\/wp-json\/wp\/v2\/media\/5541"}],"wp:attachment":[{"href":"https:\/\/www.portalalerta.com.br\/index.php\/wp-json\/wp\/v2\/media?parent=16529"}],"wp:term":[{"taxonomy":"category","embeddable":true,"href":"https:\/\/www.portalalerta.com.br\/index.php\/wp-json\/wp\/v2\/categories?post=16529"},{"taxonomy":"post_tag","embeddable":true,"href":"https:\/\/www.portalalerta.com.br\/index.php\/wp-json\/wp\/v2\/tags?post=16529"}],"curies":[{"name":"wp","href":"https:\/\/api.w.org\/{rel}","templated":true}]}}