{"id":16531,"date":"2019-04-26T13:06:48","date_gmt":"2019-04-26T16:06:48","guid":{"rendered":"http:\/\/www.portalalerta.com.br\/?p=16531"},"modified":"2019-04-26T13:06:48","modified_gmt":"2019-04-26T16:06:48","slug":"ex-prefeito-de-sitio-do-quinto-e-investigado-por-emissao-de-cheques-sem-fundo","status":"publish","type":"post","link":"https:\/\/www.portalalerta.com.br\/index.php\/2019\/04\/26\/ex-prefeito-de-sitio-do-quinto-e-investigado-por-emissao-de-cheques-sem-fundo\/","title":{"rendered":"Ex-prefeito de S\u00edtio do Quinto \u00e9 investigado por emiss\u00e3o de cheques sem fundo"},"content":{"rendered":"<p style=\"text-align: justify;\">O Minist\u00e9rio P\u00fablico Federal (MPF) investiga poss\u00edveis irregularidades evidenciadas em parecer pr\u00e9vio do Tribunal de Contas dos Munic\u00edpios (TCM), referente a presta\u00e7\u00e3o de contas do ent\u00e3o prefeito de S\u00edtio do Quinto, no nordeste baiano, no ano de 2012. As informa\u00e7\u00f5es est\u00e3o em uma portaria assinada pelo procurador da Rep\u00fablica Edson Abdon Peixoto Filho, publicada nesta quarta-feira (24).<!--more--><\/p>\n<p style=\"text-align: justify;\">O inqu\u00e9rito civil instaurado \u00e9 baseado no \u201cn\u00e3o encaminhamento de processos licitat\u00f3rios e processos de dispensa\/inexigibilidade ao TCM; emiss\u00e3o de oito cheques sem fundo, sa\u00edda de numer\u00e1rio sem comprova\u00e7\u00e3o de despesa\u201d. Na \u00e9poca, o munic\u00edpio era administrado por Cleigivaldo Carvalho Santa Rosa (PDT), que foi gestor da cidade em duas vezes. Em seu segundo mandato, o gestor acumulou quatro rejei\u00e7\u00f5es consecutivas.<\/p>\n<p style=\"text-align: justify;\"><img fetchpriority=\"high\" decoding=\"async\" class=\"alignleft wp-image-16510 size-full\" src=\"http:\/\/www.portalalerta.com.br\/wp-content\/uploads\/2019\/04\/Dia-das-m\u00e3es-Real-Cal\u00e7ados-2019.jpeg\" alt=\"\" width=\"300\" height=\"533\" srcset=\"https:\/\/www.portalalerta.com.br\/wp-content\/uploads\/2019\/04\/Dia-das-m\u00e3es-Real-Cal\u00e7ados-2019.jpeg 300w, https:\/\/www.portalalerta.com.br\/wp-content\/uploads\/2019\/04\/Dia-das-m\u00e3es-Real-Cal\u00e7ados-2019-135x240.jpeg 135w, https:\/\/www.portalalerta.com.br\/wp-content\/uploads\/2019\/04\/Dia-das-m\u00e3es-Real-Cal\u00e7ados-2019-82x146.jpeg 82w, https:\/\/www.portalalerta.com.br\/wp-content\/uploads\/2019\/04\/Dia-das-m\u00e3es-Real-Cal\u00e7ados-2019-28x50.jpeg 28w, https:\/\/www.portalalerta.com.br\/wp-content\/uploads\/2019\/04\/Dia-das-m\u00e3es-Real-Cal\u00e7ados-2019-42x75.jpeg 42w\" sizes=\"(max-width: 300px) 100vw, 300px\" \/>Quando indicou a rejei\u00e7\u00e3o das contas, o conselheiro Fernando Vita, relator do parecer, solicitou a formula\u00e7\u00e3o de representa\u00e7\u00e3o ao Minist\u00e9rio P\u00fablico contra o gestor, imputou multas de R$ 15 mil pelas falhas contidas no relat\u00f3rio anual, e de R$ 36.000,00, correspondente a 30% dos seus vencimentos anuais, pela n\u00e3o redu\u00e7\u00e3o dos gastos com pessoal.<\/p>\n<p style=\"text-align: justify;\">A relatoria determinou ainda o ressarcimento ao er\u00e1rio municipal de R$ 336.134,82, em raz\u00e3o da emiss\u00e3o de oito cheques sem provis\u00e3o de fundos (R$ 184,35), da sa\u00edda de numer\u00e1rio sem o documento de despesa correspondente (R$ 259.903,33) e da aus\u00eancia de comprova\u00e7\u00e3o de despesa (R$ 76.047,14).<\/p>\n<p style=\"text-align: justify;\">Segundo o TCM, naquela per\u00edodo, o Balan\u00e7o Or\u00e7ament\u00e1rio do Munic\u00edpio registrou uma receita arrecadada de R$ 20.198.447,10 e uma despesa executada de R$ 20.626.310,46, demonstrando um d\u00e9ficit de R$ 427.863,35.<\/p>\n<p style=\"text-align: justify;\">A an\u00e1lise t\u00e9cnica constatou o descumprimento do art. 42 da Lei Complementar n\u00ba 101\/00 \u2013 Lei de Responsabilidade Fiscal, vez que foi inscrito em Restos a Pagar o montante de R$ 231.875,58, caracterizando \u00e0 assun\u00e7\u00e3o de obriga\u00e7\u00e3o de despesa sem que haja disponibilidade de caixa suficiente para cobertura, contribuindo irremediavelmente para a reprova\u00e7\u00e3o das contas.<\/p>\n<p style=\"text-align: justify;\">A despesa total com pessoal alcan\u00e7ou o montante de R$ 10.716.264,71, equivalente a 54,27% da receita corrente l\u00edquida de R$ 19.744.678,40, em descumprimento ao limite de 54% definido na al\u00ednea &#8220;b&#8221;, do inciso III, do art. 20 da Lei Complementar n\u00ba 101\/00 \u2013 LRF.<\/p>\n<p style=\"text-align: justify;\">O relat\u00f3rio anual destacou tamb\u00e9m as seguintes irregularidades: aus\u00eancia de licita\u00e7\u00e3o em inobserv\u00e2ncia \u00e0 Lei Federal n\u00ba 8.666\/93; n\u00e3o recolhimento de multa ou outro gravame imposto pelo Tribunal; relat\u00f3rio de Controle Interno em desacordo com \u00e0s exig\u00eancias legais; e insignificante cobran\u00e7a da D\u00edvida Ativa Tribut\u00e1ria.<\/p>\n<p style=\"text-align: justify;\"><strong>Afastamento &#8211;<\/strong>\u00a0O prefeito Cleigivaldo foi afastado duas vezes nem menos de um ano. O primeiro foi ap\u00f3s decis\u00e3o da C\u00e2mara Municipal, em dezembro 2015, quando passou pouco mais de 12 dias fora do executivo. O segundo foi por determina\u00e7\u00e3o da Justi\u00e7a, que deixou o gestor nove dias afastado de suas fun\u00e7\u00f5es.<\/p>\n<p style=\"text-align: justify;\"><em>Fonte: Gazeta do Mel<\/em><\/p>\n<p style=\"text-align: justify;\"><em>Com informa\u00e7\u00f5es: Cleriston Silva<\/em><\/p>\n","protected":false},"excerpt":{"rendered":"<p>O Minist\u00e9rio P\u00fablico Federal (MPF) investiga poss\u00edveis irregularidades evidenciadas em parecer pr\u00e9vio do Tribunal de Contas dos Munic\u00edpios (TCM), referente a presta\u00e7\u00e3o de contas do ent\u00e3o prefeito de S\u00edtio do Quinto, no nordeste baiano, no ano de 2012. As informa\u00e7\u00f5es est\u00e3o em uma portaria assinada pelo procurador da Rep\u00fablica Edson Abdon Peixoto Filho, publicada nesta &hellip;<\/p>\n","protected":false},"author":2,"featured_media":16532,"comment_status":"open","ping_status":"open","sticky":false,"template":"","format":"standard","meta":{"om_disable_all_campaigns":false,"_monsterinsights_skip_tracking":false,"_monsterinsights_sitenote_active":false,"_monsterinsights_sitenote_note":"","_monsterinsights_sitenote_category":0,"footnotes":""},"categories":[70,69,21,32,7],"tags":[134,352,111],"class_list":["post-16531","post","type-post","status-publish","format-standard","has-post-thumbnail","hentry","category-destaques","category-noticias2","category-politica","category-regiao","category-sitio-do-quinto","tag-ex-prefeito","tag-ministerio-publico","tag-sitio-do-quinto"],"aioseo_notices":[],"_links":{"self":[{"href":"https:\/\/www.portalalerta.com.br\/index.php\/wp-json\/wp\/v2\/posts\/16531","targetHints":{"allow":["GET"]}}],"collection":[{"href":"https:\/\/www.portalalerta.com.br\/index.php\/wp-json\/wp\/v2\/posts"}],"about":[{"href":"https:\/\/www.portalalerta.com.br\/index.php\/wp-json\/wp\/v2\/types\/post"}],"author":[{"embeddable":true,"href":"https:\/\/www.portalalerta.com.br\/index.php\/wp-json\/wp\/v2\/users\/2"}],"replies":[{"embeddable":true,"href":"https:\/\/www.portalalerta.com.br\/index.php\/wp-json\/wp\/v2\/comments?post=16531"}],"version-history":[{"count":0,"href":"https:\/\/www.portalalerta.com.br\/index.php\/wp-json\/wp\/v2\/posts\/16531\/revisions"}],"wp:featuredmedia":[{"embeddable":true,"href":"https:\/\/www.portalalerta.com.br\/index.php\/wp-json\/wp\/v2\/media\/16532"}],"wp:attachment":[{"href":"https:\/\/www.portalalerta.com.br\/index.php\/wp-json\/wp\/v2\/media?parent=16531"}],"wp:term":[{"taxonomy":"category","embeddable":true,"href":"https:\/\/www.portalalerta.com.br\/index.php\/wp-json\/wp\/v2\/categories?post=16531"},{"taxonomy":"post_tag","embeddable":true,"href":"https:\/\/www.portalalerta.com.br\/index.php\/wp-json\/wp\/v2\/tags?post=16531"}],"curies":[{"name":"wp","href":"https:\/\/api.w.org\/{rel}","templated":true}]}}