{"id":16535,"date":"2019-04-26T13:07:51","date_gmt":"2019-04-26T16:07:51","guid":{"rendered":"http:\/\/www.portalalerta.com.br\/?p=16535"},"modified":"2019-04-26T13:07:51","modified_gmt":"2019-04-26T16:07:51","slug":"ribeira-do-pombal-ba-recebe-a-maior-feira-de-saude-da-regiao-com-recorde-de-atendimentos","status":"publish","type":"post","link":"https:\/\/www.portalalerta.com.br\/index.php\/2019\/04\/26\/ribeira-do-pombal-ba-recebe-a-maior-feira-de-saude-da-regiao-com-recorde-de-atendimentos\/","title":{"rendered":"Ribeira do Pombal-BA recebe a maior Feira de Sa\u00fade da Regi\u00e3o, com recorde de atendimentos"},"content":{"rendered":"<p style=\"text-align: justify;\">O Governo do Estado, com o apoio das Volunt\u00e1rias Sociais da Bahia e da Secretaria Municipal de Sa\u00fade, promoveu nesta quinta-feira, 25\/04, em Ribeira do Pombal-BA o maior evento voltado a oferta de servi\u00e7os de sa\u00fade j\u00e1 realizado na regi\u00e3o do semi\u00e1rido nordeste II, a Feira Cidad\u00e3 realizada no centro da cidade, onde uma grandiosa estrutura foi montada com v\u00e1rios t\u00e9cnicos, especialistas e m\u00e9dicos, que atenderam ao p\u00fablico em regime de mutir\u00e3o, resolvendo imediatamente as in\u00fameras demandas nas \u00e1reas de: odontologia, ginecologia, ultrassonografia, eletrocardiograma, raios-x, mamografia, oftalmologia, aferi\u00e7\u00e3o de press\u00e3o arterial e medi\u00e7\u00e3o de glicemia, al\u00e9m de todos os servi\u00e7os pr\u00f3prios do SAC M\u00f3vel.<!--more--><\/p>\n<p style=\"text-align: justify;\"><img fetchpriority=\"high\" decoding=\"async\" class=\"size-full wp-image-2902 alignleft\" src=\"http:\/\/www.portalalerta.com.br\/wp-content\/uploads\/2017\/11\/elab-2.jpg\" alt=\"\" width=\"310\" height=\"200\" srcset=\"https:\/\/www.portalalerta.com.br\/wp-content\/uploads\/2017\/11\/elab-2.jpg 310w, https:\/\/www.portalalerta.com.br\/wp-content\/uploads\/2017\/11\/elab-2-226x146.jpg 226w, https:\/\/www.portalalerta.com.br\/wp-content\/uploads\/2017\/11\/elab-2-50x32.jpg 50w, https:\/\/www.portalalerta.com.br\/wp-content\/uploads\/2017\/11\/elab-2-116x75.jpg 116w\" sizes=\"(max-width: 310px) 100vw, 310px\" \/>Segundo os primeiros levantamentos, cerca de seis mil pessoas foram atendidas no primeiro dia e outras quatro ou cinco mil devem passar pela estrutura instalada em frente do Centro de Sa\u00fade para tamb\u00e9m terem suas demandas de sa\u00fade sanadas, uma vez que alguns servi\u00e7os mais complexos como cirurgias de cataratas, consultas de mamografias ou ortodontias devem ficar dispon\u00edveis por mais alguns dias na cidade at\u00e9 que todos os casos surgidos no decorrer dos atendimentos sejam conclu\u00eddos.<\/p>\n<p style=\"text-align: justify;\">Com esse evento, os constantes e peri\u00f3dicos mutir\u00f5es, al\u00e9m das Semanas de Sa\u00fade realizadas sistematicamente pelo munic\u00edpio, e toda a gama de servi\u00e7os nas mais variadas \u00e1reas da sa\u00fade, disponibilizados diariamente pela Prefeitura \u00e0 popula\u00e7\u00e3o, tanto na sede quanto nas comunidades do interior, Ribeira do Pombal j\u00e1 \u00e9 considerada hoje, dentre as 417 cidades da Bahia, um dos munic\u00edpios que mais investe na sa\u00fade p\u00fablica para sua popula\u00e7\u00e3o. Um marco excepcional que atende uma das principais preocupa\u00e7\u00f5es da sociedade brasileira nos dias atuais.<\/p>\n<p style=\"text-align: justify;\"><em><img decoding=\"async\" class=\"aligncenter wp-image-16536 size-full\" src=\"http:\/\/www.portalalerta.com.br\/wp-content\/uploads\/2019\/04\/Feira-Cidad\u00e3-em-Ribeira-do-Pombal-2019.1.jpg\" alt=\"\" width=\"500\" height=\"300\" srcset=\"https:\/\/www.portalalerta.com.br\/wp-content\/uploads\/2019\/04\/Feira-Cidad\u00e3-em-Ribeira-do-Pombal-2019.1.jpg 500w, https:\/\/www.portalalerta.com.br\/wp-content\/uploads\/2019\/04\/Feira-Cidad\u00e3-em-Ribeira-do-Pombal-2019.1-400x240.jpg 400w, https:\/\/www.portalalerta.com.br\/wp-content\/uploads\/2019\/04\/Feira-Cidad\u00e3-em-Ribeira-do-Pombal-2019.1-243x146.jpg 243w, https:\/\/www.portalalerta.com.br\/wp-content\/uploads\/2019\/04\/Feira-Cidad\u00e3-em-Ribeira-do-Pombal-2019.1-50x30.jpg 50w, https:\/\/www.portalalerta.com.br\/wp-content\/uploads\/2019\/04\/Feira-Cidad\u00e3-em-Ribeira-do-Pombal-2019.1-125x75.jpg 125w, https:\/\/www.portalalerta.com.br\/wp-content\/uploads\/2019\/04\/Feira-Cidad\u00e3-em-Ribeira-do-Pombal-2019.1-250x150.jpg 250w\" sizes=\"(max-width: 500px) 100vw, 500px\" \/>Fonte: SECOM\/ Ribeira do Pombal<\/em><\/p>\n","protected":false},"excerpt":{"rendered":"<p>O Governo do Estado, com o apoio das Volunt\u00e1rias Sociais da Bahia e da Secretaria Municipal de Sa\u00fade, promoveu nesta quinta-feira, 25\/04, em Ribeira do Pombal-BA o maior evento voltado a oferta de servi\u00e7os de sa\u00fade j\u00e1 realizado na regi\u00e3o do semi\u00e1rido nordeste II, a Feira Cidad\u00e3 realizada no centro da cidade, onde uma grandiosa &hellip;<\/p>\n","protected":false},"author":2,"featured_media":16537,"comment_status":"open","ping_status":"open","sticky":false,"template":"","format":"standard","meta":{"om_disable_all_campaigns":false,"_monsterinsights_skip_tracking":false,"_monsterinsights_sitenote_active":false,"_monsterinsights_sitenote_note":"","_monsterinsights_sitenote_category":0,"footnotes":""},"categories":[70,69,32,19],"tags":[2621,47,61,433],"class_list":["post-16535","post","type-post","status-publish","format-standard","has-post-thumbnail","hentry","category-destaques","category-noticias2","category-regiao","category-saude","tag-feira-cidada","tag-ribeira-do-pombal","tag-saude","tag-secretaria-de-saude"],"aioseo_notices":[],"_links":{"self":[{"href":"https:\/\/www.portalalerta.com.br\/index.php\/wp-json\/wp\/v2\/posts\/16535","targetHints":{"allow":["GET"]}}],"collection":[{"href":"https:\/\/www.portalalerta.com.br\/index.php\/wp-json\/wp\/v2\/posts"}],"about":[{"href":"https:\/\/www.portalalerta.com.br\/index.php\/wp-json\/wp\/v2\/types\/post"}],"author":[{"embeddable":true,"href":"https:\/\/www.portalalerta.com.br\/index.php\/wp-json\/wp\/v2\/users\/2"}],"replies":[{"embeddable":true,"href":"https:\/\/www.portalalerta.com.br\/index.php\/wp-json\/wp\/v2\/comments?post=16535"}],"version-history":[{"count":0,"href":"https:\/\/www.portalalerta.com.br\/index.php\/wp-json\/wp\/v2\/posts\/16535\/revisions"}],"wp:featuredmedia":[{"embeddable":true,"href":"https:\/\/www.portalalerta.com.br\/index.php\/wp-json\/wp\/v2\/media\/16537"}],"wp:attachment":[{"href":"https:\/\/www.portalalerta.com.br\/index.php\/wp-json\/wp\/v2\/media?parent=16535"}],"wp:term":[{"taxonomy":"category","embeddable":true,"href":"https:\/\/www.portalalerta.com.br\/index.php\/wp-json\/wp\/v2\/categories?post=16535"},{"taxonomy":"post_tag","embeddable":true,"href":"https:\/\/www.portalalerta.com.br\/index.php\/wp-json\/wp\/v2\/tags?post=16535"}],"curies":[{"name":"wp","href":"https:\/\/api.w.org\/{rel}","templated":true}]}}