{"id":16539,"date":"2019-04-26T23:12:13","date_gmt":"2019-04-27T02:12:13","guid":{"rendered":"http:\/\/www.portalalerta.com.br\/?p=16539"},"modified":"2019-04-26T23:12:13","modified_gmt":"2019-04-27T02:12:13","slug":"pgr-pede-condenacao-de-collor-a-22-anos-e-8-meses-de-prisao-no-caso-br-distribuidora","status":"publish","type":"post","link":"https:\/\/www.portalalerta.com.br\/index.php\/2019\/04\/26\/pgr-pede-condenacao-de-collor-a-22-anos-e-8-meses-de-prisao-no-caso-br-distribuidora\/","title":{"rendered":"PGR pede condena\u00e7\u00e3o de Collor a 22 anos e 8 meses de pris\u00e3o no caso BR Distribuidora"},"content":{"rendered":"<p style=\"text-align: justify;\">Raquel Dodge apresentou alega\u00e7\u00f5es finais na a\u00e7\u00e3o em que senador \u00e9 r\u00e9u no STF por corrup\u00e7\u00e3o e lavagem de dinheiro. Defesa diz no processo que n\u00e3o h\u00e1 provas de que ele recebeu propina.<!--more--><\/p>\n<p style=\"text-align: justify;\">A procuradora-geral da Rep\u00fablica,\u00a0Raquel Dodge, pediu ao Supremo Tribunal Federal a condena\u00e7\u00e3o do senador\u00a0Fernando Collor\u00a0de Mello (PROS-AL) pelos crimes de corrup\u00e7\u00e3o passiva e lavagem de dinheiro a uma pena de 22 anos e oito meses de pris\u00e3o.<\/p>\n<p style=\"text-align: justify;\"><img fetchpriority=\"high\" decoding=\"async\" class=\"size-thumbnail wp-image-15910 alignleft\" src=\"http:\/\/www.portalalerta.com.br\/wp-content\/uploads\/2019\/04\/Auto-Escola-Nobre-Promo\u00e7\u00e3o-360x240.jpeg\" alt=\"\" width=\"360\" height=\"240\" srcset=\"https:\/\/www.portalalerta.com.br\/wp-content\/uploads\/2019\/04\/Auto-Escola-Nobre-Promo\u00e7\u00e3o-360x240.jpeg 360w, https:\/\/www.portalalerta.com.br\/wp-content\/uploads\/2019\/04\/Auto-Escola-Nobre-Promo\u00e7\u00e3o-219x146.jpeg 219w, https:\/\/www.portalalerta.com.br\/wp-content\/uploads\/2019\/04\/Auto-Escola-Nobre-Promo\u00e7\u00e3o-50x33.jpeg 50w, https:\/\/www.portalalerta.com.br\/wp-content\/uploads\/2019\/04\/Auto-Escola-Nobre-Promo\u00e7\u00e3o-113x75.jpeg 113w, https:\/\/www.portalalerta.com.br\/wp-content\/uploads\/2019\/04\/Auto-Escola-Nobre-Promo\u00e7\u00e3o.jpeg 600w\" sizes=\"(max-width: 360px) 100vw, 360px\" \/>Collor \u00e9\u00a0r\u00e9u pelos dois crimes, acusado de receber mais de R$ 30 milh\u00f5es\u00a0em propina por neg\u00f3cios da BR Distribuidora, subsidi\u00e1ria da Petrobras na venda de combust\u00edveis. Segundo a den\u00fancia da Procuradoria-Geral da Rep\u00fablica (PGR), ele pediu e recebeu o dinheiro entre 2010 e 2014 em tr\u00eas neg\u00f3cios envolvendo a subsidi\u00e1ria, que tinha dois diretores indicados pelo senador.<\/p>\n<p style=\"text-align: justify;\">Dodge tamb\u00e9m pediu que Collor e outros acusados que respondem ao processo paguem, juntos, uma repara\u00e7\u00e3o de R$ 59,9 milh\u00f5es aos cofres p\u00fablicos \u2013 o dobro do valor supostamente recebido em propina.<\/p>\n<p style=\"text-align: justify;\">A defesa de Collor afirma que a den\u00fancia n\u00e3o traz provas concretas de que o senador recebeu o dinheiro de propina. Al\u00e9m disso, questiona que contrapartida o senador teria dado para viabilizar os neg\u00f3cios da BR.<\/p>\n<p style=\"text-align: justify;\">Ainda n\u00e3o h\u00e1 previs\u00e3o de data para o Supremo julgar o caso. O relator da Lava Jato, Luiz Edson Fachin, precisa elaborar um relat\u00f3rio e liberar o caso para o revisor, Celso de Mello, analisar o processo. S\u00f3 depois disso o Supremo marca o julgamento.<\/p>\n<p style=\"text-align: justify;\">Embora Dodge tenha sugerido, quem fixa a puni\u00e7\u00e3o \u00e9 a Justi\u00e7a \u2013 no caso, o Supremo.<\/p>\n<p style=\"text-align: justify;\">Dodge pediu que a pena de Collor para o crime de corrup\u00e7\u00e3o passiva seja de de 12 anos, 5 meses e 10 dias de reclus\u00e3o porque cometeu, de acordo com a procuradora, 30 crimes de corrup\u00e7\u00e3o passiva. Para o crime de lavagem de dinheiro, a sugest\u00e3o \u00e9 de pena de 10 anos, 3 meses e 10 dias de pris\u00e3o porque, segundo ela, foram cometidos 369 crimes de lavagem de dinheiro.<\/p>\n<p style=\"text-align: justify;\">Em rela\u00e7\u00e3o \u00e0 corrup\u00e7\u00e3o, Dodge pediu a aplica\u00e7\u00e3o de agravante por se tratar de detentor de cargo p\u00fablico.<\/p>\n<p style=\"text-align: justify;\">&#8220;Trata-se de cargo p\u00fablico de membro de Poder do Estado, preenchido mediante outorga de mandato pelo povo do Estado de Alagoas. Portanto, mais do que a corrup\u00e7\u00e3o de um mero agente p\u00fablico, houve corrup\u00e7\u00e3o praticada pelo titular de um dos cargos mais relevantes da Rep\u00fablica, cuja responsabilidade faz agravar sua culpa na mesma propor\u00e7\u00e3o&#8221;, afirmou.<\/p>\n<p style=\"text-align: justify;\">Para Raquel Dodge, Collor &#8220;traiu seu mandato e descumpriu a fun\u00e7\u00e3o constitucional de mais alta relev\u00e2ncia dele esperada: zelar pela moralidade administrativa, zelar pelo patrim\u00f4nio p\u00fablico&#8221;.<\/p>\n<p style=\"text-align: justify;\">Sobre o crime de lavagem de dinheiro, ela pediu que a pena fosse mais elevada devido \u00e0 &#8220;habitualidade&#8221; do crime.<\/p>\n<p style=\"text-align: justify;\">&#8220;Em raz\u00e3o da habitualidade com a qual foram praticados os delitos de lavagem de dinheiro, no \u00e2mbito de complexa organiza\u00e7\u00e3o criminosa instalada em preju\u00edzo da BR Distribuidora, h\u00e1 de incidir a majorante&#8221;, afirmou.<\/p>\n<p style=\"text-align: justify;\"><em>Fonte: G1<\/em><\/p>\n","protected":false},"excerpt":{"rendered":"<p>Raquel Dodge apresentou alega\u00e7\u00f5es finais na a\u00e7\u00e3o em que senador \u00e9 r\u00e9u no STF por corrup\u00e7\u00e3o e lavagem de dinheiro. Defesa diz no processo que n\u00e3o h\u00e1 provas de que ele recebeu propina.<\/p>\n","protected":false},"author":2,"featured_media":4117,"comment_status":"open","ping_status":"open","sticky":false,"template":"","format":"standard","meta":{"om_disable_all_campaigns":false,"_monsterinsights_skip_tracking":false,"_monsterinsights_sitenote_active":false,"_monsterinsights_sitenote_note":"","_monsterinsights_sitenote_category":0,"footnotes":""},"categories":[34,70,69,21],"tags":[93,470,411,174,690,233,216],"class_list":["post-16539","post","type-post","status-publish","format-standard","has-post-thumbnail","hentry","category-brasil","category-destaques","category-noticias2","category-politica","tag-brasil","tag-fernando-collor","tag-pgr","tag-prisao","tag-raquel-dodge","tag-senador","tag-stf"],"aioseo_notices":[],"_links":{"self":[{"href":"https:\/\/www.portalalerta.com.br\/index.php\/wp-json\/wp\/v2\/posts\/16539","targetHints":{"allow":["GET"]}}],"collection":[{"href":"https:\/\/www.portalalerta.com.br\/index.php\/wp-json\/wp\/v2\/posts"}],"about":[{"href":"https:\/\/www.portalalerta.com.br\/index.php\/wp-json\/wp\/v2\/types\/post"}],"author":[{"embeddable":true,"href":"https:\/\/www.portalalerta.com.br\/index.php\/wp-json\/wp\/v2\/users\/2"}],"replies":[{"embeddable":true,"href":"https:\/\/www.portalalerta.com.br\/index.php\/wp-json\/wp\/v2\/comments?post=16539"}],"version-history":[{"count":0,"href":"https:\/\/www.portalalerta.com.br\/index.php\/wp-json\/wp\/v2\/posts\/16539\/revisions"}],"wp:featuredmedia":[{"embeddable":true,"href":"https:\/\/www.portalalerta.com.br\/index.php\/wp-json\/wp\/v2\/media\/4117"}],"wp:attachment":[{"href":"https:\/\/www.portalalerta.com.br\/index.php\/wp-json\/wp\/v2\/media?parent=16539"}],"wp:term":[{"taxonomy":"category","embeddable":true,"href":"https:\/\/www.portalalerta.com.br\/index.php\/wp-json\/wp\/v2\/categories?post=16539"},{"taxonomy":"post_tag","embeddable":true,"href":"https:\/\/www.portalalerta.com.br\/index.php\/wp-json\/wp\/v2\/tags?post=16539"}],"curies":[{"name":"wp","href":"https:\/\/api.w.org\/{rel}","templated":true}]}}