{"id":16543,"date":"2019-04-26T23:22:54","date_gmt":"2019-04-27T02:22:54","guid":{"rendered":"http:\/\/www.portalalerta.com.br\/?p=16543"},"modified":"2019-04-26T23:22:54","modified_gmt":"2019-04-27T02:22:54","slug":"justica-determina-nomeacao-de-200-concursados-em-ribeira-do-amparo-ba","status":"publish","type":"post","link":"https:\/\/www.portalalerta.com.br\/index.php\/2019\/04\/26\/justica-determina-nomeacao-de-200-concursados-em-ribeira-do-amparo-ba\/","title":{"rendered":"Justi\u00e7a determina nomea\u00e7\u00e3o de 200 concursados em Ribeira do Amparo-BA"},"content":{"rendered":"<p style=\"text-align: justify;\">Uma decis\u00e3o de quinta-feira, 25 de abril 2019,\u00a0 do presidente do Tribunal de Justi\u00e7a da Bahia (TJ-BA), Gesilvaldo Britto, negou um recurso da prefeitura de Ribeira do Amparo-BA, na divisa com Sergipe, em rela\u00e7\u00e3o a um concurso p\u00fablico feito em 2012. A prefeitura queria a suspens\u00e3o da senten\u00e7a da Comarca de Cip\u00f3, na mesma regi\u00e3o, que obrigava a nomea\u00e7\u00e3o de cerca de 200 pessoas aprovadas no certame.<!--more--><\/p>\n<p style=\"text-align: justify;\"><img fetchpriority=\"high\" decoding=\"async\" class=\"alignleft wp-image-16510 size-full\" src=\"http:\/\/www.portalalerta.com.br\/wp-content\/uploads\/2019\/04\/Dia-das-m\u00e3es-Real-Cal\u00e7ados-2019.jpeg\" alt=\"\" width=\"300\" height=\"533\" srcset=\"https:\/\/www.portalalerta.com.br\/wp-content\/uploads\/2019\/04\/Dia-das-m\u00e3es-Real-Cal\u00e7ados-2019.jpeg 300w, https:\/\/www.portalalerta.com.br\/wp-content\/uploads\/2019\/04\/Dia-das-m\u00e3es-Real-Cal\u00e7ados-2019-135x240.jpeg 135w, https:\/\/www.portalalerta.com.br\/wp-content\/uploads\/2019\/04\/Dia-das-m\u00e3es-Real-Cal\u00e7ados-2019-82x146.jpeg 82w, https:\/\/www.portalalerta.com.br\/wp-content\/uploads\/2019\/04\/Dia-das-m\u00e3es-Real-Cal\u00e7ados-2019-28x50.jpeg 28w, https:\/\/www.portalalerta.com.br\/wp-content\/uploads\/2019\/04\/Dia-das-m\u00e3es-Real-Cal\u00e7ados-2019-42x75.jpeg 42w\" sizes=\"(max-width: 300px) 100vw, 300px\" \/>Na defesa, a gest\u00e3o de Germano Santana argumentou que a nomea\u00e7\u00e3o dos servidores provocaria les\u00e3o direta \u00e0 administra\u00e7\u00e3o, o que poderia acarretar interrup\u00e7\u00e3o de servi\u00e7os essenciais, al\u00e9m de que a prefeitura n\u00e3o teria or\u00e7amento suficiente para pagar os servidores. As considera\u00e7\u00f5es n\u00e3o convenceram o presidente do TJ. Como consta na senten\u00e7a da Comarca local, em caso de desobedi\u00eancia a prefeitura arcar\u00e1 com multa de R$ 5 mil ao dia.<\/p>\n<p style=\"text-align: justify;\"><em>Fonte: Joilson Costa <\/em><\/p>\n<p style=\"text-align: justify;\"><em>Com informa\u00e7\u00f5es: Bahia Not\u00edcia, Coluna Justi\u00e7a<\/em><\/p>\n<p style=\"text-align: justify;\">\n","protected":false},"excerpt":{"rendered":"<p>Uma decis\u00e3o de quinta-feira, 25 de abril 2019,\u00a0 do presidente do Tribunal de Justi\u00e7a da Bahia (TJ-BA), Gesilvaldo Britto, negou um recurso da prefeitura de Ribeira do Amparo-BA, na divisa com Sergipe, em rela\u00e7\u00e3o a um concurso p\u00fablico feito em 2012. A prefeitura queria a suspens\u00e3o da senten\u00e7a da Comarca de Cip\u00f3, na mesma regi\u00e3o, &hellip;<\/p>\n","protected":false},"author":2,"featured_media":5772,"comment_status":"open","ping_status":"open","sticky":false,"template":"","format":"standard","meta":{"om_disable_all_campaigns":false,"_monsterinsights_skip_tracking":false,"_monsterinsights_sitenote_active":false,"_monsterinsights_sitenote_note":"","_monsterinsights_sitenote_category":0,"footnotes":""},"categories":[70,69,32,16],"tags":[257,270,2625,88,622],"class_list":["post-16543","post","type-post","status-publish","format-standard","has-post-thumbnail","hentry","category-destaques","category-noticias2","category-regiao","category-ribeira-do-amparo","tag-concurso","tag-justica","tag-nomeacao","tag-ribeira-do-amparo","tag-tj-ba"],"aioseo_notices":[],"_links":{"self":[{"href":"https:\/\/www.portalalerta.com.br\/index.php\/wp-json\/wp\/v2\/posts\/16543","targetHints":{"allow":["GET"]}}],"collection":[{"href":"https:\/\/www.portalalerta.com.br\/index.php\/wp-json\/wp\/v2\/posts"}],"about":[{"href":"https:\/\/www.portalalerta.com.br\/index.php\/wp-json\/wp\/v2\/types\/post"}],"author":[{"embeddable":true,"href":"https:\/\/www.portalalerta.com.br\/index.php\/wp-json\/wp\/v2\/users\/2"}],"replies":[{"embeddable":true,"href":"https:\/\/www.portalalerta.com.br\/index.php\/wp-json\/wp\/v2\/comments?post=16543"}],"version-history":[{"count":0,"href":"https:\/\/www.portalalerta.com.br\/index.php\/wp-json\/wp\/v2\/posts\/16543\/revisions"}],"wp:featuredmedia":[{"embeddable":true,"href":"https:\/\/www.portalalerta.com.br\/index.php\/wp-json\/wp\/v2\/media\/5772"}],"wp:attachment":[{"href":"https:\/\/www.portalalerta.com.br\/index.php\/wp-json\/wp\/v2\/media?parent=16543"}],"wp:term":[{"taxonomy":"category","embeddable":true,"href":"https:\/\/www.portalalerta.com.br\/index.php\/wp-json\/wp\/v2\/categories?post=16543"},{"taxonomy":"post_tag","embeddable":true,"href":"https:\/\/www.portalalerta.com.br\/index.php\/wp-json\/wp\/v2\/tags?post=16543"}],"curies":[{"name":"wp","href":"https:\/\/api.w.org\/{rel}","templated":true}]}}