{"id":16545,"date":"2019-04-26T23:28:28","date_gmt":"2019-04-27T02:28:28","guid":{"rendered":"http:\/\/www.portalalerta.com.br\/?p=16545"},"modified":"2019-04-26T23:28:28","modified_gmt":"2019-04-27T02:28:28","slug":"ribeira-do-pombal-ba-registra-o-segundo-homicidio-em-menos-de-uma-semana","status":"publish","type":"post","link":"https:\/\/www.portalalerta.com.br\/index.php\/2019\/04\/26\/ribeira-do-pombal-ba-registra-o-segundo-homicidio-em-menos-de-uma-semana\/","title":{"rendered":"Ribeira do Pombal-BA registra o segundo homic\u00eddio em menos de uma semana"},"content":{"rendered":"<p style=\"text-align: justify;\">Por volta das 20:00hs desta sexta-feira, 26, um homem deu entrada na Emerg\u00eancia do Hospital Geral Santa Tereza, em Ribeira do Pombal-BA, v\u00edtima de disparos de arma de fogo.<!--more--><\/p>\n<p style=\"text-align: justify;\"><img fetchpriority=\"high\" decoding=\"async\" class=\"size-full wp-image-2902 alignleft\" src=\"http:\/\/www.portalalerta.com.br\/wp-content\/uploads\/2017\/11\/elab-2.jpg\" alt=\"\" width=\"310\" height=\"200\" srcset=\"https:\/\/www.portalalerta.com.br\/wp-content\/uploads\/2017\/11\/elab-2.jpg 310w, https:\/\/www.portalalerta.com.br\/wp-content\/uploads\/2017\/11\/elab-2-226x146.jpg 226w, https:\/\/www.portalalerta.com.br\/wp-content\/uploads\/2017\/11\/elab-2-50x32.jpg 50w, https:\/\/www.portalalerta.com.br\/wp-content\/uploads\/2017\/11\/elab-2-116x75.jpg 116w\" sizes=\"(max-width: 310px) 100vw, 310px\" \/>De acordo com informa\u00e7\u00f5es, Rafael Santana dos Santos, 29 anos, se encontrava na Rua E, zona oeste, do referido munic\u00edpio, pr\u00f3ximo da pr\u00f3pria resid\u00eancia, quando foi alvejado pelos disparos. Em seguida, o rapaz foi socorrido por populares para a Unidade Hospitalar, chegando ao local ainda com vida, por\u00e9m n\u00e3o resistiu ao procedimento cir\u00fargico, e evoluiu a \u00f3bito.<\/p>\n<p style=\"text-align: justify;\">O caso foi informado aos Policiais Civis e Militares da cidade, que estiveram na Unidade Hospitalar colhendo dados a respeito do crime. As buscas pelo autor j\u00e1 foram iniciadas, por\u00e9m at\u00e9 o momento do fechamento desta mat\u00e9ria o mesmo n\u00e3o tinha sido capturado.<\/p>\n<figure id=\"attachment_16546\" aria-describedby=\"caption-attachment-16546\" style=\"width: 540px\" class=\"wp-caption aligncenter\"><img decoding=\"async\" class=\"wp-image-16546 size-full\" src=\"http:\/\/www.portalalerta.com.br\/wp-content\/uploads\/2019\/04\/homic\u00eddio-em-Ribeira-do-Pombal-2019.4.jpeg\" alt=\"\" width=\"540\" height=\"720\" srcset=\"https:\/\/www.portalalerta.com.br\/wp-content\/uploads\/2019\/04\/homic\u00eddio-em-Ribeira-do-Pombal-2019.4.jpeg 540w, https:\/\/www.portalalerta.com.br\/wp-content\/uploads\/2019\/04\/homic\u00eddio-em-Ribeira-do-Pombal-2019.4-180x240.jpeg 180w, https:\/\/www.portalalerta.com.br\/wp-content\/uploads\/2019\/04\/homic\u00eddio-em-Ribeira-do-Pombal-2019.4-110x146.jpeg 110w, https:\/\/www.portalalerta.com.br\/wp-content\/uploads\/2019\/04\/homic\u00eddio-em-Ribeira-do-Pombal-2019.4-38x50.jpeg 38w, https:\/\/www.portalalerta.com.br\/wp-content\/uploads\/2019\/04\/homic\u00eddio-em-Ribeira-do-Pombal-2019.4-56x75.jpeg 56w\" sizes=\"(max-width: 540px) 100vw, 540px\" \/><figcaption id=\"caption-attachment-16546\" class=\"wp-caption-text\">Rafael chegou a ser socorrido com vida, por\u00e9m morreu durante o procedimento cir\u00fargico<\/figcaption><\/figure>\n<p style=\"text-align: justify;\">Este \u00e9 o terceiro homic\u00eddio do ano em Ribeira do Pombal, e o segundo num intervalo menor que uma semana.<\/p>\n<p style=\"text-align: justify;\"><a href=\"http:\/\/www.facebook.com.br\/pombalalerta\"><strong style=\"font-style: inherit;\">Curta nossa p\u00e1gina no facebook, e continue atualizado sobre tudo o que acontece em sua cidade!<\/strong><\/a><\/p>\n<p style=\"text-align: justify;\"><a href=\"https:\/\/play.google.com\/store\/apps\/details?id=com.globalstore.portalalerta\"><strong style=\"font-style: inherit;\">Baixe o NOVO APLICATIVO Portal Alerta, e fique de olho na not\u00edcia<\/strong><\/a><\/p>\n<p style=\"text-align: justify;\"><em>\u00a0Reda\u00e7\u00e3o: Portal Alerta<\/em><\/p>\n","protected":false},"excerpt":{"rendered":"<p>Por volta das 20:00hs desta sexta-feira, 26, um homem deu entrada na Emerg\u00eancia do Hospital Geral Santa Tereza, em Ribeira do Pombal-BA, v\u00edtima de disparos de arma de fogo.<\/p>\n","protected":false},"author":2,"featured_media":13301,"comment_status":"open","ping_status":"open","sticky":false,"template":"","format":"standard","meta":{"om_disable_all_campaigns":false,"_monsterinsights_skip_tracking":false,"_monsterinsights_sitenote_active":false,"_monsterinsights_sitenote_note":"","_monsterinsights_sitenote_category":0,"footnotes":""},"categories":[70,69,32,3,22],"tags":[375,151,206,47],"class_list":["post-16545","post","type-post","status-publish","format-standard","has-post-thumbnail","hentry","category-destaques","category-noticias2","category-regiao","category-ribeira-do-pombal","category-seguranca","tag-disparos-de-arma-de-fogo","tag-hgst","tag-homicidio","tag-ribeira-do-pombal"],"aioseo_notices":[],"_links":{"self":[{"href":"https:\/\/www.portalalerta.com.br\/index.php\/wp-json\/wp\/v2\/posts\/16545","targetHints":{"allow":["GET"]}}],"collection":[{"href":"https:\/\/www.portalalerta.com.br\/index.php\/wp-json\/wp\/v2\/posts"}],"about":[{"href":"https:\/\/www.portalalerta.com.br\/index.php\/wp-json\/wp\/v2\/types\/post"}],"author":[{"embeddable":true,"href":"https:\/\/www.portalalerta.com.br\/index.php\/wp-json\/wp\/v2\/users\/2"}],"replies":[{"embeddable":true,"href":"https:\/\/www.portalalerta.com.br\/index.php\/wp-json\/wp\/v2\/comments?post=16545"}],"version-history":[{"count":0,"href":"https:\/\/www.portalalerta.com.br\/index.php\/wp-json\/wp\/v2\/posts\/16545\/revisions"}],"wp:featuredmedia":[{"embeddable":true,"href":"https:\/\/www.portalalerta.com.br\/index.php\/wp-json\/wp\/v2\/media\/13301"}],"wp:attachment":[{"href":"https:\/\/www.portalalerta.com.br\/index.php\/wp-json\/wp\/v2\/media?parent=16545"}],"wp:term":[{"taxonomy":"category","embeddable":true,"href":"https:\/\/www.portalalerta.com.br\/index.php\/wp-json\/wp\/v2\/categories?post=16545"},{"taxonomy":"post_tag","embeddable":true,"href":"https:\/\/www.portalalerta.com.br\/index.php\/wp-json\/wp\/v2\/tags?post=16545"}],"curies":[{"name":"wp","href":"https:\/\/api.w.org\/{rel}","templated":true}]}}