{"id":16548,"date":"2019-04-29T15:31:31","date_gmt":"2019-04-29T18:31:31","guid":{"rendered":"http:\/\/www.portalalerta.com.br\/?p=16548"},"modified":"2019-04-29T15:31:31","modified_gmt":"2019-04-29T18:31:31","slug":"1a-entrevista-de-lula-teve-impacto-grande-apenas-entre-os-seguidores-do-pt","status":"publish","type":"post","link":"https:\/\/www.portalalerta.com.br\/index.php\/2019\/04\/29\/1a-entrevista-de-lula-teve-impacto-grande-apenas-entre-os-seguidores-do-pt\/","title":{"rendered":"1\u00aa entrevista de Lula teve impacto grande apenas entre os seguidores do PT"},"content":{"rendered":"<p style=\"text-align: justify;\">O ex-presidente\u00a0Lula est\u00e1 preso desde o dia 7 de abril\u00a0de 2018 na Superintend\u00eancia da PF (Pol\u00edcia Federal) em Curitiba\u00a0<!--more--><\/p>\n<p style=\"text-align: justify;\">An\u00e1lise da empresa de consultoria digital Bites divulgada nesta segunda-feira, 29, indica que a\u00a0entrevista do ex-presidente Luiz In\u00e1cio Lula da Silva\u00a0aos ve\u00edculos\u00a0<em>Folha de S.Paulo\u00a0<\/em>e\u00a0<em>El Pa\u00eds<\/em>\u00a0na \u00faltima sexta-feira, 26, teve grande impacto apenas entre seguidores do PT. Esta foi a primeira vez que Lula conversou com a imprensa desde que foi\u00a0preso em 7 de abril de 2018.<\/p>\n<p style=\"text-align: justify;\"><em>\u201cA conversa com os jornalistas est\u00e1 longe de ser uma explos\u00e3o de apoio a Lula e, por enquanto, n\u00e3o ultrapassou as fronteiras daqueles que j\u00e1 seguem as teses do petista\u201d<\/em>, informa o relat\u00f3rio.<\/p>\n<p style=\"text-align: justify;\">A an\u00e1lise do Sistema Anal\u00edtico Bites utiliza informa\u00e7\u00f5es dos perfis oficiais do ex-presidente Lula no\u00a0 Facebook, Twitter, Instagram e YouTube. De acordo com o relat\u00f3rio, desde 6\u00aa feira (26.abr.2019) at\u00e9 a manh\u00e3 de domingo, 28, a equipe de assessoria de imprensa de Lula produziu 60 posts que registraram 158 mil intera\u00e7\u00f5es.<\/p>\n<p style=\"text-align: justify;\"><img fetchpriority=\"high\" decoding=\"async\" class=\"size-thumbnail wp-image-15910 alignleft\" src=\"http:\/\/www.portalalerta.com.br\/wp-content\/uploads\/2019\/04\/Auto-Escola-Nobre-Promo\u00e7\u00e3o-360x240.jpeg\" alt=\"\" width=\"360\" height=\"240\" srcset=\"https:\/\/www.portalalerta.com.br\/wp-content\/uploads\/2019\/04\/Auto-Escola-Nobre-Promo\u00e7\u00e3o-360x240.jpeg 360w, https:\/\/www.portalalerta.com.br\/wp-content\/uploads\/2019\/04\/Auto-Escola-Nobre-Promo\u00e7\u00e3o-219x146.jpeg 219w, https:\/\/www.portalalerta.com.br\/wp-content\/uploads\/2019\/04\/Auto-Escola-Nobre-Promo\u00e7\u00e3o-50x33.jpeg 50w, https:\/\/www.portalalerta.com.br\/wp-content\/uploads\/2019\/04\/Auto-Escola-Nobre-Promo\u00e7\u00e3o-113x75.jpeg 113w, https:\/\/www.portalalerta.com.br\/wp-content\/uploads\/2019\/04\/Auto-Escola-Nobre-Promo\u00e7\u00e3o.jpeg 600w\" sizes=\"(max-width: 360px) 100vw, 360px\" \/>Nesse per\u00edodo, as contas de Lula conseguiram mais 10.825 novos seguidores.\u00a0\u00a0Nas cita\u00e7\u00f5es abertas no Twitter sobre a entrevista, Lula apareceu em 581 mil posts contra os 298 mil tweets produzidos nas 48 horas seguintes ao posicionamento do STJ (Superior Tribunal de Justi\u00e7a) que\u00a0reduziu a pena\u00a0do ex-presidente.<\/p>\n<p style=\"text-align: justify;\">Nesse mesmo per\u00edodo, o presidente Jair Bolsonaro, ganhou 27.945 seguidores, fez 39 posts em seus perfis e obteve 2.741.353 intera\u00e7\u00f5es no Twitter, Facebook e Instagram. O resultado das intera\u00e7\u00f5es\u00a0 de Bolsonaro equivale a 17 vezes o n\u00famero de intera\u00e7\u00f5es do ex-presidente.<\/p>\n<p style=\"text-align: justify;\"><strong>COMPARTILHAMENTO:\u00a0<em>EL PA\u00cdS<\/em>\u00a0RENDEU MAIS<\/strong><\/p>\n<p style=\"text-align: justify;\">A entrevista rendeu 1.380 artigos que geraram 5,2 milh\u00f5es de intera\u00e7\u00f5es nos 300 textos mais compartilhados no Facebook e Twitter. A reportagem do jornal\u00a0<em>El Pa\u00eds<\/em>respondeu por 13% desse volume e a\u00a0<em>Folha de S.Paulo<\/em>\u00a0ficou com 4%.<\/p>\n<p style=\"text-align: justify;\">Na \u00faltima semana, entre os 248 mil artigos publicados nos sites nacionais Bolsonaro e Lula, respectivamente, ficaram em 1\u00ba e 2\u00ba lugar em compartilhamentos. A\u00a0reportagem da revista<em>\u00a0F\u00f3rum<\/em>\u00a0sobre a decis\u00e3o de\u00a0reduzir investimentos do Minist\u00e9rio da Educa\u00e7\u00e3o\u00a0em cursos de Sociologia e Filosofia rendeu 818 mil intera\u00e7\u00f5es. enquanto Lula teve 706 mil intera\u00e7\u00f5es na entrevista ao\u00a0<em>El Pa\u00eds<\/em>.<\/p>\n<p style=\"text-align: justify;\"><strong>CONGRESSO NACIONAL<\/strong><\/p>\n<p style=\"text-align: justify;\">No Congresso Nacional, o apoio a Lula tamb\u00e9m ficou restrito a congressistas do PT. Os deputados federais produziram 653 posts sobre o ex-presidente. Destes, 547 foram feitos pela bancada petista. Com isso, os aliados do ex-presidente conseguiram 782 mil intera\u00e7\u00f5es nessas publica\u00e7\u00f5es.<\/p>\n<p style=\"text-align: justify;\">Lula n\u00e3o foi o assunto dominante da C\u00e2mara dos Deputados nas \u00faltimas 72 horas: juntos, os deputados fizeram 4.816 publica\u00e7\u00f5es que registaram 5,1 milh\u00f5es de intera\u00e7\u00f5es. O post de maior propaga\u00e7\u00e3o foi da deputada Joice Hasselmann (PSL-SP) com uma entrevista da atriz Mait\u00ea Proen\u00e7a defendendo o pacote anticrime do ministro S\u00e9rgio Moro. Ela conseguiu 116 mil intera\u00e7\u00f5es.<\/p>\n<p style=\"text-align: justify;\">Esse padr\u00e3o se manteve no Senado. Lula apareceu em 71 dos 746 posts. O PT tamb\u00e9m dominou as publica\u00e7\u00f5es do ex-presidente.<\/p>\n<p style=\"text-align: justify;\">Fen\u00f4meno interessante tanto na C\u00e2mara e no Senado foi a aus\u00eancia da defesa de Lula de antigos aliados que estavam com Lula nos seus 2 governos e na administra\u00e7\u00e3o de Dilma Rousseff.<\/p>\n<p style=\"text-align: justify;\"><strong>HASHTAGS<\/strong><\/p>\n<p style=\"text-align: justify;\">Nas 10 hashtags mais utilizadas, 4 foram positivas \u2013#lulalivreja, #falalula, #lulainspira e #lulalivre\u2013 foram associadas a 224 mil tweets. Nas negativas, as 2 mais difundidas \u2013#lulanacadeia e #moroteprendeubabaca\u2013 foram citadas em 140 mil posts.<\/p>\n<p style=\"text-align: justify;\"><strong>PESQUISAS SOBRE LULA NO GOOGLE<\/strong><\/p>\n<p style=\"text-align: justify;\">Em uma escala que vai de zero a 100, o interesse pelo ex-presidente ficou na m\u00e9dia de 34. Nas 48 horas ap\u00f3s a\u00a0decis\u00e3o do STJ, essa taxa m\u00e9dia foi de 29. A entrevista de Lula despertou 1 interesse 17 pontos superior aos eventos da redu\u00e7\u00e3o da sua pena.<\/p>\n<p style=\"text-align: justify;\"><strong>Veja a entrevista na \u00edntegra:<\/strong><\/p>\n<p style=\"text-align: justify;\"><iframe title=\"EXCLUSIVO: \u00cdntegra de entrevista de Lula \u00e0 Folha\" width=\"500\" height=\"281\" src=\"https:\/\/www.youtube.com\/embed\/zCzco42kRAg?feature=oembed\" frameborder=\"0\" allow=\"accelerometer; autoplay; clipboard-write; encrypted-media; gyroscope; picture-in-picture; web-share\" referrerpolicy=\"strict-origin-when-cross-origin\" allowfullscreen><\/iframe><\/p>\n<p style=\"text-align: justify;\">Fonte: Poder 360<\/p>\n","protected":false},"excerpt":{"rendered":"<p>O ex-presidente\u00a0Lula est\u00e1 preso desde o dia 7 de abril\u00a0de 2018 na Superintend\u00eancia da PF (Pol\u00edcia Federal) em Curitiba\u00a0<\/p>\n","protected":false},"author":2,"featured_media":16549,"comment_status":"open","ping_status":"open","sticky":false,"template":"","format":"standard","meta":{"om_disable_all_campaigns":false,"_monsterinsights_skip_tracking":false,"_monsterinsights_sitenote_active":false,"_monsterinsights_sitenote_note":"","_monsterinsights_sitenote_category":0,"footnotes":""},"categories":[34,70,69,21],"tags":[93,2626,1634,1635,303],"class_list":["post-16548","post","type-post","status-publish","format-standard","has-post-thumbnail","hentry","category-brasil","category-destaques","category-noticias2","category-politica","tag-brasil","tag-el-pais","tag-entrevista","tag-folha-de-sao-paulo","tag-lula"],"aioseo_notices":[],"_links":{"self":[{"href":"https:\/\/www.portalalerta.com.br\/index.php\/wp-json\/wp\/v2\/posts\/16548","targetHints":{"allow":["GET"]}}],"collection":[{"href":"https:\/\/www.portalalerta.com.br\/index.php\/wp-json\/wp\/v2\/posts"}],"about":[{"href":"https:\/\/www.portalalerta.com.br\/index.php\/wp-json\/wp\/v2\/types\/post"}],"author":[{"embeddable":true,"href":"https:\/\/www.portalalerta.com.br\/index.php\/wp-json\/wp\/v2\/users\/2"}],"replies":[{"embeddable":true,"href":"https:\/\/www.portalalerta.com.br\/index.php\/wp-json\/wp\/v2\/comments?post=16548"}],"version-history":[{"count":0,"href":"https:\/\/www.portalalerta.com.br\/index.php\/wp-json\/wp\/v2\/posts\/16548\/revisions"}],"wp:featuredmedia":[{"embeddable":true,"href":"https:\/\/www.portalalerta.com.br\/index.php\/wp-json\/wp\/v2\/media\/16549"}],"wp:attachment":[{"href":"https:\/\/www.portalalerta.com.br\/index.php\/wp-json\/wp\/v2\/media?parent=16548"}],"wp:term":[{"taxonomy":"category","embeddable":true,"href":"https:\/\/www.portalalerta.com.br\/index.php\/wp-json\/wp\/v2\/categories?post=16548"},{"taxonomy":"post_tag","embeddable":true,"href":"https:\/\/www.portalalerta.com.br\/index.php\/wp-json\/wp\/v2\/tags?post=16548"}],"curies":[{"name":"wp","href":"https:\/\/api.w.org\/{rel}","templated":true}]}}