{"id":16551,"date":"2019-04-29T15:32:43","date_gmt":"2019-04-29T18:32:43","guid":{"rendered":"http:\/\/www.portalalerta.com.br\/?p=16551"},"modified":"2019-04-29T15:32:43","modified_gmt":"2019-04-29T18:32:43","slug":"tcm-multa-ricardo-maia-como-presidente-do-coisan","status":"publish","type":"post","link":"https:\/\/www.portalalerta.com.br\/index.php\/2019\/04\/29\/tcm-multa-ricardo-maia-como-presidente-do-coisan\/","title":{"rendered":"TCM multa Ricardo Maia, como presidente do COISAN"},"content":{"rendered":"<p style=\"text-align: justify;\">O prefeito de Ribeira do Pombal-BA e presidente do COISAN (Cons\u00f3rcio P\u00fablico Interfederativo de Sa\u00fade Nordeste II) Ricardo Maia Chaves, foi multado no valor de R$5.000,00 pelo Tribunal de Contas dos Munic\u00edpios (TCM-BA).<!--more--><\/p>\n<p style=\"text-align: justify;\">A decis\u00e3o foi divulgada no Di\u00e1rio Oficial Eletr\u00f3nico do TCM, na \u00faltima sexta-feira, 26. A a\u00e7\u00e3o cujo teor n\u00e3o foi divulgado, foi movida por Gefferson Ara\u00fajo Costa. Vale ressaltar que a decis\u00e3o contra Maia n\u00e3o tem refer\u00eancia \u00e0 fun\u00e7\u00e3o de prefeito, mas sim \u00e0 gest\u00e3o junto ao COISAN.<\/p>\n<p style=\"text-align: justify;\"><strong><img fetchpriority=\"high\" decoding=\"async\" class=\"size-full wp-image-2867 aligncenter\" src=\"http:\/\/www.portalalerta.com.br\/wp-content\/uploads\/2017\/11\/protege-1.jpg\" alt=\"\" width=\"600\" height=\"140\" \/>Confira a decis\u00e3o na \u00edntegra:<\/strong><\/p>\n<p style=\"text-align: justify;\"><em>Processo n\u00ba 05868e18 &#8211; Den\u00fancia referente ao Cons\u00f3rcio Interfederativo de Sa\u00fade Nordeste ll &#8211; COISAN de RIBEIRA DO POMBAL. Gestor\/ Respons\u00e1vel: Sr. Ricardo Maia Chaves. Denunciante: Sr. Gefferson Ara\u00fajo Costa. Relator: Conselheiro Jos\u00e9 Alfredo Rocha Dias. Decis\u00e3o: Procedente, com aplica\u00e7\u00e3o de multa ao Gestor no valor de R$5.000,00 (cinco mil reais), al\u00e9m de advert\u00eancia para ado\u00e7\u00e3o de provid\u00eancias por parte do Gestor. Votaram com o Relator: Conselheiros Francisco de Souza Andrade Netto, Raimundo Moreira, Paolo Marconi e Fernando Vita. Foi presente o Minist\u00e9rio P\u00fablico Especial de Contas, representado pelo Procurador-Geral, Dr. Guilherme Costa Macedo. Ato: Delibera\u00e7\u00e3o n\u00ba 05868e18\/2019.\u00a0<\/em><\/p>\n<p style=\"text-align: justify;\"><a href=\"http:\/\/www.facebook.com.br\/pombalalerta\"><strong style=\"font-style: inherit;\">Curta nossa p\u00e1gina no facebook, e continue atualizado sobre tudo o que acontece em sua cidade!<\/strong><\/a><\/p>\n<p style=\"text-align: justify;\"><a href=\"https:\/\/play.google.com\/store\/apps\/details?id=com.globalstore.portalalerta\"><strong style=\"font-style: inherit;\">Baixe o NOVO APLICATIVO Portal Alerta, e fique de olho na not\u00edcia<\/strong><\/a><\/p>\n<p style=\"text-align: justify;\"><em style=\"font-weight: inherit;\">\u00a0Reda\u00e7\u00e3o: Portal Alerta<\/em><\/p>\n<p style=\"text-align: justify;\"><em>Com informa\u00e7\u00f5es: Joilson Costa <\/em><\/p>\n","protected":false},"excerpt":{"rendered":"<p>O prefeito de Ribeira do Pombal-BA e presidente do COISAN (Cons\u00f3rcio P\u00fablico Interfederativo de Sa\u00fade Nordeste II) Ricardo Maia Chaves, foi multado no valor de R$5.000,00 pelo Tribunal de Contas dos Munic\u00edpios (TCM-BA).<\/p>\n","protected":false},"author":2,"featured_media":4707,"comment_status":"open","ping_status":"open","sticky":false,"template":"","format":"standard","meta":{"om_disable_all_campaigns":false,"_monsterinsights_skip_tracking":false,"_monsterinsights_sitenote_active":false,"_monsterinsights_sitenote_note":"","_monsterinsights_sitenote_category":0,"footnotes":""},"categories":[33,70,69,21,32,3,19],"tags":[281,467,146,72],"class_list":["post-16551","post","type-post","status-publish","format-standard","has-post-thumbnail","hentry","category-bahia","category-destaques","category-noticias2","category-politica","category-regiao","category-ribeira-do-pombal","category-saude","tag-coisan","tag-multa","tag-ricardo-maia","tag-tcm"],"aioseo_notices":[],"_links":{"self":[{"href":"https:\/\/www.portalalerta.com.br\/index.php\/wp-json\/wp\/v2\/posts\/16551","targetHints":{"allow":["GET"]}}],"collection":[{"href":"https:\/\/www.portalalerta.com.br\/index.php\/wp-json\/wp\/v2\/posts"}],"about":[{"href":"https:\/\/www.portalalerta.com.br\/index.php\/wp-json\/wp\/v2\/types\/post"}],"author":[{"embeddable":true,"href":"https:\/\/www.portalalerta.com.br\/index.php\/wp-json\/wp\/v2\/users\/2"}],"replies":[{"embeddable":true,"href":"https:\/\/www.portalalerta.com.br\/index.php\/wp-json\/wp\/v2\/comments?post=16551"}],"version-history":[{"count":0,"href":"https:\/\/www.portalalerta.com.br\/index.php\/wp-json\/wp\/v2\/posts\/16551\/revisions"}],"wp:featuredmedia":[{"embeddable":true,"href":"https:\/\/www.portalalerta.com.br\/index.php\/wp-json\/wp\/v2\/media\/4707"}],"wp:attachment":[{"href":"https:\/\/www.portalalerta.com.br\/index.php\/wp-json\/wp\/v2\/media?parent=16551"}],"wp:term":[{"taxonomy":"category","embeddable":true,"href":"https:\/\/www.portalalerta.com.br\/index.php\/wp-json\/wp\/v2\/categories?post=16551"},{"taxonomy":"post_tag","embeddable":true,"href":"https:\/\/www.portalalerta.com.br\/index.php\/wp-json\/wp\/v2\/tags?post=16551"}],"curies":[{"name":"wp","href":"https:\/\/api.w.org\/{rel}","templated":true}]}}