{"id":16553,"date":"2019-04-29T15:34:31","date_gmt":"2019-04-29T18:34:31","guid":{"rendered":"http:\/\/www.portalalerta.com.br\/?p=16553"},"modified":"2019-04-29T15:34:31","modified_gmt":"2019-04-29T18:34:31","slug":"delegado-morre-ao-ser-baleado-por-policiais-militares-em-itabuna-ba-entenda","status":"publish","type":"post","link":"https:\/\/www.portalalerta.com.br\/index.php\/2019\/04\/29\/delegado-morre-ao-ser-baleado-por-policiais-militares-em-itabuna-ba-entenda\/","title":{"rendered":"Delegado morre ao ser baleado por policiais militares, em Itabuna-BA. Entenda!"},"content":{"rendered":"<p style=\"text-align: justify;\">Informa\u00e7\u00f5es preliminares d\u00e3o conta de que o Delegado de Pol\u00edcia Civil Jos\u00e9 Carlos Mastique morreu ap\u00f3s ser baleado por uma guarni\u00e7\u00e3o da Pol\u00edcia Militar, em Itabuna. A confus\u00e3o aconteceu por volta das 3 horas da manh\u00e3 de domingo, 28, em um posto de combust\u00edveis pr\u00f3ximo ao shopping Jequitib\u00e1. Testemunhas disseram que ao sacar a arma da cintura, um revolver cal. 38, contra guarni\u00e7\u00e3o da PM um policial atirou no delegado.<!--more--><\/p>\n<p style=\"text-align: justify;\"><img fetchpriority=\"high\" decoding=\"async\" class=\"alignleft wp-image-16510 size-full\" src=\"http:\/\/www.portalalerta.com.br\/wp-content\/uploads\/2019\/04\/Dia-das-m\u00e3es-Real-Cal\u00e7ados-2019.jpeg\" alt=\"\" width=\"300\" height=\"533\" srcset=\"https:\/\/www.portalalerta.com.br\/wp-content\/uploads\/2019\/04\/Dia-das-m\u00e3es-Real-Cal\u00e7ados-2019.jpeg 300w, https:\/\/www.portalalerta.com.br\/wp-content\/uploads\/2019\/04\/Dia-das-m\u00e3es-Real-Cal\u00e7ados-2019-135x240.jpeg 135w, https:\/\/www.portalalerta.com.br\/wp-content\/uploads\/2019\/04\/Dia-das-m\u00e3es-Real-Cal\u00e7ados-2019-82x146.jpeg 82w, https:\/\/www.portalalerta.com.br\/wp-content\/uploads\/2019\/04\/Dia-das-m\u00e3es-Real-Cal\u00e7ados-2019-28x50.jpeg 28w, https:\/\/www.portalalerta.com.br\/wp-content\/uploads\/2019\/04\/Dia-das-m\u00e3es-Real-Cal\u00e7ados-2019-42x75.jpeg 42w\" sizes=\"(max-width: 300px) 100vw, 300px\" \/>Mastique encontrava-se na dire\u00e7\u00e3o de um Honda City, de cor prata, que se encontrava parado no local e foi alvejado com um tiro \u00e0 altura do peito, sendo socorrido, logo em seguida, pela mesma guarni\u00e7\u00e3o para o Hospital de Base de Itabuna, mas n\u00e3o resistiu e morreu. A motiva\u00e7\u00e3o da a\u00e7\u00e3o da Pol\u00edcia Militar est\u00e3o sendo investigadas.<\/p>\n<p style=\"text-align: justify;\"><em>Fonte: R\u00e1dio Povo<\/em><\/p>\n<p style=\"text-align: justify;\"><em>Com informa\u00e7\u00f5es: \u00a0Blog do J\u00fanior Mascote<\/em><\/p>\n","protected":false},"excerpt":{"rendered":"<p>Informa\u00e7\u00f5es preliminares d\u00e3o conta de que o Delegado de Pol\u00edcia Civil Jos\u00e9 Carlos Mastique morreu ap\u00f3s ser baleado por uma guarni\u00e7\u00e3o da Pol\u00edcia Militar, em Itabuna. A confus\u00e3o aconteceu por volta das 3 horas da manh\u00e3 de domingo, 28, em um posto de combust\u00edveis pr\u00f3ximo ao shopping Jequitib\u00e1. Testemunhas disseram que ao sacar a arma &hellip;<\/p>\n","protected":false},"author":2,"featured_media":16554,"comment_status":"open","ping_status":"open","sticky":false,"template":"","format":"standard","meta":{"om_disable_all_campaigns":false,"_monsterinsights_skip_tracking":false,"_monsterinsights_sitenote_active":false,"_monsterinsights_sitenote_note":"","_monsterinsights_sitenote_category":0,"footnotes":""},"categories":[33,70,69,22],"tags":[54,395,1006,169,122,79],"class_list":["post-16553","post","type-post","status-publish","format-standard","has-post-thumbnail","hentry","category-bahia","category-destaques","category-noticias2","category-seguranca","tag-bahia","tag-delegado","tag-itabuna","tag-morte","tag-policia-civil","tag-policia-militar"],"aioseo_notices":[],"_links":{"self":[{"href":"https:\/\/www.portalalerta.com.br\/index.php\/wp-json\/wp\/v2\/posts\/16553","targetHints":{"allow":["GET"]}}],"collection":[{"href":"https:\/\/www.portalalerta.com.br\/index.php\/wp-json\/wp\/v2\/posts"}],"about":[{"href":"https:\/\/www.portalalerta.com.br\/index.php\/wp-json\/wp\/v2\/types\/post"}],"author":[{"embeddable":true,"href":"https:\/\/www.portalalerta.com.br\/index.php\/wp-json\/wp\/v2\/users\/2"}],"replies":[{"embeddable":true,"href":"https:\/\/www.portalalerta.com.br\/index.php\/wp-json\/wp\/v2\/comments?post=16553"}],"version-history":[{"count":0,"href":"https:\/\/www.portalalerta.com.br\/index.php\/wp-json\/wp\/v2\/posts\/16553\/revisions"}],"wp:featuredmedia":[{"embeddable":true,"href":"https:\/\/www.portalalerta.com.br\/index.php\/wp-json\/wp\/v2\/media\/16554"}],"wp:attachment":[{"href":"https:\/\/www.portalalerta.com.br\/index.php\/wp-json\/wp\/v2\/media?parent=16553"}],"wp:term":[{"taxonomy":"category","embeddable":true,"href":"https:\/\/www.portalalerta.com.br\/index.php\/wp-json\/wp\/v2\/categories?post=16553"},{"taxonomy":"post_tag","embeddable":true,"href":"https:\/\/www.portalalerta.com.br\/index.php\/wp-json\/wp\/v2\/tags?post=16553"}],"curies":[{"name":"wp","href":"https:\/\/api.w.org\/{rel}","templated":true}]}}