{"id":16566,"date":"2019-04-29T22:32:01","date_gmt":"2019-04-30T01:32:01","guid":{"rendered":"http:\/\/www.portalalerta.com.br\/?p=16566"},"modified":"2019-04-29T22:32:01","modified_gmt":"2019-04-30T01:32:01","slug":"pf-deflagra-operacao-contra-laranjal-do-psl-em-minas-gerais","status":"publish","type":"post","link":"https:\/\/www.portalalerta.com.br\/index.php\/2019\/04\/29\/pf-deflagra-operacao-contra-laranjal-do-psl-em-minas-gerais\/","title":{"rendered":"PF deflagra opera\u00e7\u00e3o contra laranjal do PSL em Minas Gerais"},"content":{"rendered":"<p style=\"text-align: justify;\">A Pol\u00edcia Federal deflagrou na manh\u00e3 desta segunda-feira (29) a Opera\u00e7\u00e3o &#8220;Sufr\u00e1gio Ostenta\u00e7\u00e3o&#8221;, para esclarecer suspeita de irregularidade na aplica\u00e7\u00e3o de recursos referentes a campanhas eleitorais femininas do PSL, partido do presidente Jair Bolsonaro, em Minas Gerais.<!--more--><\/p>\n<p style=\"text-align: justify;\"><img fetchpriority=\"high\" decoding=\"async\" class=\"size-thumbnail wp-image-15910 alignleft\" src=\"http:\/\/www.portalalerta.com.br\/wp-content\/uploads\/2019\/04\/Auto-Escola-Nobre-Promo\u00e7\u00e3o-360x240.jpeg\" alt=\"\" width=\"360\" height=\"240\" srcset=\"https:\/\/www.portalalerta.com.br\/wp-content\/uploads\/2019\/04\/Auto-Escola-Nobre-Promo\u00e7\u00e3o-360x240.jpeg 360w, https:\/\/www.portalalerta.com.br\/wp-content\/uploads\/2019\/04\/Auto-Escola-Nobre-Promo\u00e7\u00e3o-219x146.jpeg 219w, https:\/\/www.portalalerta.com.br\/wp-content\/uploads\/2019\/04\/Auto-Escola-Nobre-Promo\u00e7\u00e3o-50x33.jpeg 50w, https:\/\/www.portalalerta.com.br\/wp-content\/uploads\/2019\/04\/Auto-Escola-Nobre-Promo\u00e7\u00e3o-113x75.jpeg 113w, https:\/\/www.portalalerta.com.br\/wp-content\/uploads\/2019\/04\/Auto-Escola-Nobre-Promo\u00e7\u00e3o.jpeg 600w\" sizes=\"(max-width: 360px) 100vw, 360px\" \/>De acordo com a PF, foram cumpridos sete mandados judiciais de busca e apreens\u00e3o, todos expedidos pela 26\u00aa Zona Eleitoral de Belo Horizonte, sendo dois na capital, dois em Contagem-MG, um em Coronel Fabriciano-MG, um em Ipatinga-MG e um em Lagoa Santa-MG. A sede do partido, na Rua Inconfidentes, na Regi\u00e3o Centro-Sul da capital mineira, \u00e9 um dos endere\u00e7os das buscas, al\u00e9m de uma gr\u00e1fica no bairro Ipanema, na Regi\u00e3o Noroeste.<\/p>\n<p style=\"text-align: justify;\">Ministro do Turismo e ex-presidente do PSL de Minas,\u00a0Marcelo \u00c1lvaro Antonio \u00e9 investigado pela PF\u00a0no esc\u00e2ndalo que ficou conhecido como o &#8220;laranjal do PSL&#8221;, onde \u00e9 acusado de ter patrocinado um esquema de candidaturas laranjas para destinar verbas p\u00fablicas de campanha a empresas ligadas a seus parentes e assessores.<\/p>\n<p style=\"text-align: justify;\"><em>Fonte: Metro1<\/em><\/p>\n","protected":false},"excerpt":{"rendered":"<p>A Pol\u00edcia Federal deflagrou na manh\u00e3 desta segunda-feira (29) a Opera\u00e7\u00e3o &#8220;Sufr\u00e1gio Ostenta\u00e7\u00e3o&#8221;, para esclarecer suspeita de irregularidade na aplica\u00e7\u00e3o de recursos referentes a campanhas eleitorais femininas do PSL, partido do presidente Jair Bolsonaro, em Minas Gerais.<\/p>\n","protected":false},"author":2,"featured_media":16224,"comment_status":"open","ping_status":"open","sticky":false,"template":"","format":"standard","meta":{"om_disable_all_campaigns":false,"_monsterinsights_skip_tracking":false,"_monsterinsights_sitenote_active":false,"_monsterinsights_sitenote_note":"","_monsterinsights_sitenote_category":0,"footnotes":""},"categories":[34,70,69,21],"tags":[93,2331,1757,357,173,1396],"class_list":["post-16566","post","type-post","status-publish","format-standard","has-post-thumbnail","hentry","category-brasil","category-destaques","category-noticias2","category-politica","tag-brasil","tag-candidaturas-laranjas","tag-eleicoes-2018","tag-minas-gerais","tag-policia-federal","tag-psl"],"aioseo_notices":[],"_links":{"self":[{"href":"https:\/\/www.portalalerta.com.br\/index.php\/wp-json\/wp\/v2\/posts\/16566","targetHints":{"allow":["GET"]}}],"collection":[{"href":"https:\/\/www.portalalerta.com.br\/index.php\/wp-json\/wp\/v2\/posts"}],"about":[{"href":"https:\/\/www.portalalerta.com.br\/index.php\/wp-json\/wp\/v2\/types\/post"}],"author":[{"embeddable":true,"href":"https:\/\/www.portalalerta.com.br\/index.php\/wp-json\/wp\/v2\/users\/2"}],"replies":[{"embeddable":true,"href":"https:\/\/www.portalalerta.com.br\/index.php\/wp-json\/wp\/v2\/comments?post=16566"}],"version-history":[{"count":0,"href":"https:\/\/www.portalalerta.com.br\/index.php\/wp-json\/wp\/v2\/posts\/16566\/revisions"}],"wp:featuredmedia":[{"embeddable":true,"href":"https:\/\/www.portalalerta.com.br\/index.php\/wp-json\/wp\/v2\/media\/16224"}],"wp:attachment":[{"href":"https:\/\/www.portalalerta.com.br\/index.php\/wp-json\/wp\/v2\/media?parent=16566"}],"wp:term":[{"taxonomy":"category","embeddable":true,"href":"https:\/\/www.portalalerta.com.br\/index.php\/wp-json\/wp\/v2\/categories?post=16566"},{"taxonomy":"post_tag","embeddable":true,"href":"https:\/\/www.portalalerta.com.br\/index.php\/wp-json\/wp\/v2\/tags?post=16566"}],"curies":[{"name":"wp","href":"https:\/\/api.w.org\/{rel}","templated":true}]}}