{"id":16568,"date":"2019-04-29T22:33:38","date_gmt":"2019-04-30T01:33:38","guid":{"rendered":"http:\/\/www.portalalerta.com.br\/?p=16568"},"modified":"2019-04-29T22:33:38","modified_gmt":"2019-04-30T01:33:38","slug":"programa-morar-melhor-realiza-o-sonho-de-mais-uma-familia-pombalense","status":"publish","type":"post","link":"https:\/\/www.portalalerta.com.br\/index.php\/2019\/04\/29\/programa-morar-melhor-realiza-o-sonho-de-mais-uma-familia-pombalense\/","title":{"rendered":"Programa Morar Melhor realiza o Sonho de mais uma Fam\u00edlia Pombalense"},"content":{"rendered":"<p style=\"text-align: justify;\">O Programa Morar Melhor continua transformando as vidas de pombalenses que mais precisam! Na \u00faltima sexta-feira, 26, o prefeito Ricardo Maia, em nome da administra\u00e7\u00e3o municipal, entregou mais uma resid\u00eancia reformada, dessa vez \u00e0 Senhora Clara Cristina, moradora da Rua do Pescador que teve a alegria de receber de volta sua casa totalmente reconstru\u00edda e ainda com m\u00f3veis e eletrodom\u00e9sticos novos como: camas, mesa, fog\u00e3o e geladeira.<!--more--><\/p>\n<p style=\"text-align: justify;\"><img fetchpriority=\"high\" decoding=\"async\" class=\"size-full wp-image-2867 aligncenter\" src=\"http:\/\/www.portalalerta.com.br\/wp-content\/uploads\/2017\/11\/protege-1.jpg\" alt=\"\" width=\"600\" height=\"140\" \/>Dona Clara, como \u00e9 conhecida, teve sua resid\u00eancia atingida por um inc\u00eandio e ap\u00f3s ser contemplada pelo Programa passou a viver sob um aluguel provis\u00f3rio custeado pela Prefeitura at\u00e9 que pudesse retornar \u00e0 sua casa com seu \u00fanico filho.<\/p>\n<p style=\"text-align: justify;\"><img decoding=\"async\" class=\"aligncenter wp-image-16571 size-full\" src=\"http:\/\/www.portalalerta.com.br\/wp-content\/uploads\/2019\/04\/morar-melhor-2019.3.jpg\" alt=\"\" width=\"550\" height=\"300\" srcset=\"https:\/\/www.portalalerta.com.br\/wp-content\/uploads\/2019\/04\/morar-melhor-2019.3.jpg 550w, https:\/\/www.portalalerta.com.br\/wp-content\/uploads\/2019\/04\/morar-melhor-2019.3-440x240.jpg 440w, https:\/\/www.portalalerta.com.br\/wp-content\/uploads\/2019\/04\/morar-melhor-2019.3-260x142.jpg 260w, https:\/\/www.portalalerta.com.br\/wp-content\/uploads\/2019\/04\/morar-melhor-2019.3-50x27.jpg 50w, https:\/\/www.portalalerta.com.br\/wp-content\/uploads\/2019\/04\/morar-melhor-2019.3-138x75.jpg 138w\" sizes=\"(max-width: 550px) 100vw, 550px\" \/>Na entrega da resid\u00eancia reformada ela agradeceu muito o benef\u00edcio que recebera e ouviu do Prefeito uma mensagem sobre a import\u00e2ncia de se acreditar e lutar pelos sonhos, como esse de poder voltar a cuidar de sua fam\u00edlia em seu lar, superando momentos dif\u00edceis como a trag\u00e9dia que destruiu a casa antiga. \u201c.. Agora \u00e9 cuidar da casa nova e ser feliz com seu filho\u201d, disse o prefeito.<\/p>\n<p style=\"text-align: justify;\"><em>Fonte: SECOM\/ Ribeira do Pombal<\/em><\/p>\n","protected":false},"excerpt":{"rendered":"<p>O Programa Morar Melhor continua transformando as vidas de pombalenses que mais precisam! Na \u00faltima sexta-feira, 26, o prefeito Ricardo Maia, em nome da administra\u00e7\u00e3o municipal, entregou mais uma resid\u00eancia reformada, dessa vez \u00e0 Senhora Clara Cristina, moradora da Rua do Pescador que teve a alegria de receber de volta sua casa totalmente reconstru\u00edda e &hellip;<\/p>\n","protected":false},"author":2,"featured_media":16569,"comment_status":"open","ping_status":"open","sticky":false,"template":"","format":"standard","meta":{"om_disable_all_campaigns":false,"_monsterinsights_skip_tracking":false,"_monsterinsights_sitenote_active":false,"_monsterinsights_sitenote_note":"","_monsterinsights_sitenote_category":0,"footnotes":""},"categories":[70,69,21,32,3],"tags":[802,47],"class_list":["post-16568","post","type-post","status-publish","format-standard","has-post-thumbnail","hentry","category-destaques","category-noticias2","category-politica","category-regiao","category-ribeira-do-pombal","tag-morar-melhor","tag-ribeira-do-pombal"],"aioseo_notices":[],"_links":{"self":[{"href":"https:\/\/www.portalalerta.com.br\/index.php\/wp-json\/wp\/v2\/posts\/16568","targetHints":{"allow":["GET"]}}],"collection":[{"href":"https:\/\/www.portalalerta.com.br\/index.php\/wp-json\/wp\/v2\/posts"}],"about":[{"href":"https:\/\/www.portalalerta.com.br\/index.php\/wp-json\/wp\/v2\/types\/post"}],"author":[{"embeddable":true,"href":"https:\/\/www.portalalerta.com.br\/index.php\/wp-json\/wp\/v2\/users\/2"}],"replies":[{"embeddable":true,"href":"https:\/\/www.portalalerta.com.br\/index.php\/wp-json\/wp\/v2\/comments?post=16568"}],"version-history":[{"count":0,"href":"https:\/\/www.portalalerta.com.br\/index.php\/wp-json\/wp\/v2\/posts\/16568\/revisions"}],"wp:featuredmedia":[{"embeddable":true,"href":"https:\/\/www.portalalerta.com.br\/index.php\/wp-json\/wp\/v2\/media\/16569"}],"wp:attachment":[{"href":"https:\/\/www.portalalerta.com.br\/index.php\/wp-json\/wp\/v2\/media?parent=16568"}],"wp:term":[{"taxonomy":"category","embeddable":true,"href":"https:\/\/www.portalalerta.com.br\/index.php\/wp-json\/wp\/v2\/categories?post=16568"},{"taxonomy":"post_tag","embeddable":true,"href":"https:\/\/www.portalalerta.com.br\/index.php\/wp-json\/wp\/v2\/tags?post=16568"}],"curies":[{"name":"wp","href":"https:\/\/api.w.org\/{rel}","templated":true}]}}