{"id":16599,"date":"2019-05-01T18:17:52","date_gmt":"2019-05-01T21:17:52","guid":{"rendered":"http:\/\/www.portalalerta.com.br\/?p=16599"},"modified":"2019-05-01T18:57:23","modified_gmt":"2019-05-01T21:57:23","slug":"guaido-discursa-e-promete-levantes-diarios-ate-queda-de-maduro","status":"publish","type":"post","link":"https:\/\/www.portalalerta.com.br\/index.php\/2019\/05\/01\/guaido-discursa-e-promete-levantes-diarios-ate-queda-de-maduro\/","title":{"rendered":"Guaid\u00f3 discursa e promete levantes di\u00e1rios at\u00e9 queda de Maduro"},"content":{"rendered":"<p style=\"text-align: justify;\">O l\u00edder oposicionista da Venezuela, Juan Guaid\u00f3, se pronunciou durante uma manifesta\u00e7\u00e3o nas ruas de Caracas nesta quarta-feira (1\u00ba), assegurando que &#8220;todos os dias&#8221; haver\u00e1 &#8220;a\u00e7\u00f5es de protesto&#8221; contra o governo de Nicol\u00e1s Maduro, at\u00e9 que todo o pa\u00eds seja &#8220;libertado&#8221;. As informa\u00e7\u00f5es s\u00e3o do jornal venezuelano\u00a0<em>El Nacional<\/em>.\u00a0<!--more--><\/p>\n<p style=\"text-align: justify;\"><img fetchpriority=\"high\" decoding=\"async\" class=\"size-thumbnail wp-image-15910 alignleft\" src=\"http:\/\/www.portalalerta.com.br\/wp-content\/uploads\/2019\/04\/Auto-Escola-Nobre-Promo\u00e7\u00e3o-360x240.jpeg\" alt=\"\" width=\"360\" height=\"240\" srcset=\"https:\/\/www.portalalerta.com.br\/wp-content\/uploads\/2019\/04\/Auto-Escola-Nobre-Promo\u00e7\u00e3o-360x240.jpeg 360w, https:\/\/www.portalalerta.com.br\/wp-content\/uploads\/2019\/04\/Auto-Escola-Nobre-Promo\u00e7\u00e3o-219x146.jpeg 219w, https:\/\/www.portalalerta.com.br\/wp-content\/uploads\/2019\/04\/Auto-Escola-Nobre-Promo\u00e7\u00e3o-50x33.jpeg 50w, https:\/\/www.portalalerta.com.br\/wp-content\/uploads\/2019\/04\/Auto-Escola-Nobre-Promo\u00e7\u00e3o-113x75.jpeg 113w, https:\/\/www.portalalerta.com.br\/wp-content\/uploads\/2019\/04\/Auto-Escola-Nobre-Promo\u00e7\u00e3o.jpeg 600w\" sizes=\"(max-width: 360px) 100vw, 360px\" \/>Guaid\u00f3 ainda refor\u00e7ou que a \u00fanica maneira de ocorrer um golpe de Estado na Venezuela \u00e9 caso o detenham. &#8220;Cada vez menos h\u00e1 pessoas sequestradas pelo medo. A \u00fanica forma de haver um golpe de Estado \u00e9 que me detenham \u2014 todos viram ontem o respaldo da comunidade internacional.&#8221;<\/p>\n<p style=\"text-align: justify;\">O presidente interino completou que h\u00e1 propostas de greves escalonadas para o restante da semana, at\u00e9 que haja uma paralisa\u00e7\u00e3o geral.<\/p>\n<p style=\"text-align: justify;\">No Twitter, a conta oficial das comunica\u00e7\u00f5es da presid\u00eancia interina da Venezuela informou que os servi\u00e7os do Youtube, do Bing e do Google no pa\u00eds foram restritos durante o discurso de Juan Guaid\u00f3 nesta quarta-feira.<\/p>\n<p style=\"text-align: justify;\"><strong>Pol\u00edcia confronta manifestantes<\/strong><\/p>\n<p style=\"text-align: justify;\">A Guarda Nacional Bolivariana da Venezuela\u00a0lan\u00e7ou nesta quarta-feira bombas de g\u00e1s lacrimog\u00eaneo\u00a0contra pelo menos duas manifesta\u00e7\u00f5es da oposi\u00e7\u00e3o em Caracas.<\/p>\n<p style=\"text-align: justify;\">Os manifestantes marcham por uma estrada que passa pela base militar na frente da qual ontem houve uma tentativa de levante liderado pelo l\u00edder oposicionista Juan Guaid\u00f3.<\/p>\n<p style=\"text-align: justify;\"><strong>Protesto de ter\u00e7a-feira<\/strong><\/p>\n<p style=\"text-align: justify;\">O ato de ter\u00e7a-feira (30) tem sido encarado como o mais ousado do autodeclarado presidente interino at\u00e9 agora para persuadir os militares a se levantarem contra Nicol\u00e1s Maduro.<\/p>\n<p style=\"text-align: justify;\">Dezenas de milhares de pessoas que faziam uma passeata em Caracas para apoiar Guaid\u00f3 entraram em confronto com a tropa de choque na avenida Francisco Fajardo. Um ve\u00edculo blindado da Guarda Nacional avan\u00e7ou sobre manifestantes que atiravam pedras.<\/p>\n<p style=\"text-align: justify;\"><em>Fonte: R7<\/em><\/p>\n","protected":false},"excerpt":{"rendered":"<p>O l\u00edder oposicionista da Venezuela, Juan Guaid\u00f3, se pronunciou durante uma manifesta\u00e7\u00e3o nas ruas de Caracas nesta quarta-feira (1\u00ba), assegurando que &#8220;todos os dias&#8221; haver\u00e1 &#8220;a\u00e7\u00f5es de protesto&#8221; contra o governo de Nicol\u00e1s Maduro, at\u00e9 que todo o pa\u00eds seja &#8220;libertado&#8221;. As informa\u00e7\u00f5es s\u00e3o do jornal venezuelano\u00a0El Nacional.\u00a0<\/p>\n","protected":false},"author":2,"featured_media":16600,"comment_status":"open","ping_status":"open","sticky":false,"template":"","format":"standard","meta":{"om_disable_all_campaigns":false,"_monsterinsights_skip_tracking":false,"_monsterinsights_sitenote_active":false,"_monsterinsights_sitenote_note":"","_monsterinsights_sitenote_category":0,"footnotes":""},"categories":[70,35,69,21],"tags":[2184,1112,326],"class_list":["post-16599","post","type-post","status-publish","format-standard","has-post-thumbnail","hentry","category-destaques","category-mundo","category-noticias2","category-politica","tag-guaido","tag-nicolas-maduro","tag-venezuela"],"aioseo_notices":[],"_links":{"self":[{"href":"https:\/\/www.portalalerta.com.br\/index.php\/wp-json\/wp\/v2\/posts\/16599","targetHints":{"allow":["GET"]}}],"collection":[{"href":"https:\/\/www.portalalerta.com.br\/index.php\/wp-json\/wp\/v2\/posts"}],"about":[{"href":"https:\/\/www.portalalerta.com.br\/index.php\/wp-json\/wp\/v2\/types\/post"}],"author":[{"embeddable":true,"href":"https:\/\/www.portalalerta.com.br\/index.php\/wp-json\/wp\/v2\/users\/2"}],"replies":[{"embeddable":true,"href":"https:\/\/www.portalalerta.com.br\/index.php\/wp-json\/wp\/v2\/comments?post=16599"}],"version-history":[{"count":0,"href":"https:\/\/www.portalalerta.com.br\/index.php\/wp-json\/wp\/v2\/posts\/16599\/revisions"}],"wp:featuredmedia":[{"embeddable":true,"href":"https:\/\/www.portalalerta.com.br\/index.php\/wp-json\/wp\/v2\/media\/16600"}],"wp:attachment":[{"href":"https:\/\/www.portalalerta.com.br\/index.php\/wp-json\/wp\/v2\/media?parent=16599"}],"wp:term":[{"taxonomy":"category","embeddable":true,"href":"https:\/\/www.portalalerta.com.br\/index.php\/wp-json\/wp\/v2\/categories?post=16599"},{"taxonomy":"post_tag","embeddable":true,"href":"https:\/\/www.portalalerta.com.br\/index.php\/wp-json\/wp\/v2\/tags?post=16599"}],"curies":[{"name":"wp","href":"https:\/\/api.w.org\/{rel}","templated":true}]}}