{"id":16604,"date":"2019-05-01T19:07:22","date_gmt":"2019-05-01T22:07:22","guid":{"rendered":"http:\/\/www.portalalerta.com.br\/?p=16604"},"modified":"2019-05-01T19:07:22","modified_gmt":"2019-05-01T22:07:22","slug":"ministro-diz-que-universitario-custa-o-mesmo-que-dez-alunos-em-creche","status":"publish","type":"post","link":"https:\/\/www.portalalerta.com.br\/index.php\/2019\/05\/01\/ministro-diz-que-universitario-custa-o-mesmo-que-dez-alunos-em-creche\/","title":{"rendered":"Ministro diz que universit\u00e1rio custa o mesmo que dez alunos em creche"},"content":{"rendered":"<p style=\"text-align: justify;\">O ministro da Educa\u00e7\u00e3o,\u00a0Abraham Weintraub, afirmou que a\u00a0pol\u00edtica de corte de verbas para universidades federais\u00a0est\u00e1 atrelada ao plano do governo Bolsonaro de eleger a educa\u00e7\u00e3o b\u00e1sica como priorit\u00e1ria.<!--more--><\/p>\n<p style=\"text-align: justify;\">Em v\u00eddeo postado no in\u00edcio da noite de ter\u00e7a-feira (30), em sua conta no Twitter, Weintraub questionou se os contribuintes preferem que o dinheiro dos impostos seja gasto com alunos de gradua\u00e7\u00e3o ou de creches.<\/p>\n<p style=\"text-align: justify;\">\u201cPara cada aluno de gradua\u00e7\u00e3o que eu coloco na faculdade, eu poderia trazer dez crian\u00e7as para uma creche. Crian\u00e7as que geralmente s\u00e3o mais humildes, mais pobres, mais carentes, e que, hoje, n\u00e3o t\u00eam creches para elas. O que voc\u00ea faria no meu lugar?\u201d, questionou.<\/p>\n<p style=\"text-align: justify;\"><img fetchpriority=\"high\" decoding=\"async\" class=\"size-full wp-image-2867 aligncenter\" src=\"http:\/\/www.portalalerta.com.br\/wp-content\/uploads\/2017\/11\/protege-1.jpg\" alt=\"\" width=\"600\" height=\"140\" \/>Weintraub compara o custo de um aluno de gradua\u00e7\u00e3o (R$ 30 mil anuais, segundo ele) com o de uma vaga em creche (R$ 3 mil). Ele n\u00e3o explica no v\u00eddeo se os dados s\u00e3o uma m\u00e9dia ou se referem a institui\u00e7\u00f5es espec\u00edficas.<\/p>\n<p style=\"text-align: justify;\">Em entrevista ao \u201cEstado\u201d publicada na ter\u00e7a-feira, o ministro afirmou que que um dos crit\u00e9rios para o corte no or\u00e7amento seria a promo\u00e7\u00e3o de \u201cbalb\u00fardia\u201d nos campi e de festas inadequadas ao ambiente universit\u00e1rio. Tr\u00eas universidades j\u00e1 haviam sido alvo: a Universidade de Bras\u00edlia (UnB), a Universidade Federal da Bahia (UFBA) e a Universidade Federal Fluminense (UFF).<\/p>\n<p style=\"text-align: justify;\">Nessa ter\u00e7a-feira (30), por\u00e9m, o minist\u00e9rio recuou da decis\u00e3o de punir com bloqueio especificamente universidades que promovessem \u201cbagun\u00e7a\u201d em seus campi.<\/p>\n<p style=\"text-align: justify;\">\u201cPara quem conhece Universidades Federais, perguntar sobre toler\u00e2ncia ou pluralidade aos reitores (ditos) de esquerda faz tanto sentido quanto pedir sugest\u00f5es sobre doces a diab\u00e9ticos\u201d, criticou Weintraub no Twitter nesta quarta-feira.<\/p>\n<p style=\"text-align: justify;\"><em>Fonte: Canabrava FM<\/em><\/p>\n<p style=\"text-align: justify;\"><em>Com informa\u00e7\u00f5es: Agencia Brasil<\/em><\/p>\n","protected":false},"excerpt":{"rendered":"<p>O ministro da Educa\u00e7\u00e3o,\u00a0Abraham Weintraub, afirmou que a\u00a0pol\u00edtica de corte de verbas para universidades federais\u00a0est\u00e1 atrelada ao plano do governo Bolsonaro de eleger a educa\u00e7\u00e3o b\u00e1sica como priorit\u00e1ria.<\/p>\n","protected":false},"author":2,"featured_media":16605,"comment_status":"open","ping_status":"open","sticky":false,"template":"","format":"standard","meta":{"om_disable_all_campaigns":false,"_monsterinsights_skip_tracking":false,"_monsterinsights_sitenote_active":false,"_monsterinsights_sitenote_note":"","_monsterinsights_sitenote_category":0,"footnotes":""},"categories":[34,70,20,69,21],"tags":[93,2635,140,1051,1436,1805],"class_list":["post-16604","post","type-post","status-publish","format-standard","has-post-thumbnail","hentry","category-brasil","category-destaques","category-educacao","category-noticias2","category-politica","tag-brasil","tag-cortes-de-verbas","tag-educacao","tag-faculdade","tag-ministerio-da-educacao","tag-ministro-da-educacao"],"aioseo_notices":[],"_links":{"self":[{"href":"https:\/\/www.portalalerta.com.br\/index.php\/wp-json\/wp\/v2\/posts\/16604","targetHints":{"allow":["GET"]}}],"collection":[{"href":"https:\/\/www.portalalerta.com.br\/index.php\/wp-json\/wp\/v2\/posts"}],"about":[{"href":"https:\/\/www.portalalerta.com.br\/index.php\/wp-json\/wp\/v2\/types\/post"}],"author":[{"embeddable":true,"href":"https:\/\/www.portalalerta.com.br\/index.php\/wp-json\/wp\/v2\/users\/2"}],"replies":[{"embeddable":true,"href":"https:\/\/www.portalalerta.com.br\/index.php\/wp-json\/wp\/v2\/comments?post=16604"}],"version-history":[{"count":0,"href":"https:\/\/www.portalalerta.com.br\/index.php\/wp-json\/wp\/v2\/posts\/16604\/revisions"}],"wp:featuredmedia":[{"embeddable":true,"href":"https:\/\/www.portalalerta.com.br\/index.php\/wp-json\/wp\/v2\/media\/16605"}],"wp:attachment":[{"href":"https:\/\/www.portalalerta.com.br\/index.php\/wp-json\/wp\/v2\/media?parent=16604"}],"wp:term":[{"taxonomy":"category","embeddable":true,"href":"https:\/\/www.portalalerta.com.br\/index.php\/wp-json\/wp\/v2\/categories?post=16604"},{"taxonomy":"post_tag","embeddable":true,"href":"https:\/\/www.portalalerta.com.br\/index.php\/wp-json\/wp\/v2\/tags?post=16604"}],"curies":[{"name":"wp","href":"https:\/\/api.w.org\/{rel}","templated":true}]}}