{"id":16610,"date":"2019-05-01T19:50:44","date_gmt":"2019-05-01T22:50:44","guid":{"rendered":"http:\/\/www.portalalerta.com.br\/?p=16610"},"modified":"2019-05-01T22:25:39","modified_gmt":"2019-05-02T01:25:39","slug":"gari-e-assassinado-a-tiros-dentro-de-bar-em-tucano-ba","status":"publish","type":"post","link":"https:\/\/www.portalalerta.com.br\/index.php\/2019\/05\/01\/gari-e-assassinado-a-tiros-dentro-de-bar-em-tucano-ba\/","title":{"rendered":"Gari \u00e9 assassinado \u00e0 tiros dentro de bar, em Tucano-BA"},"content":{"rendered":"<p style=\"text-align: justify;\">Por volta das 16:00hs desta quarta-feira, 1\u00ba, um homem foi assassinado quando se encontrava num estabelecimento comercial, conhecido como Bar dos Caminhoneiros, situado \u00e0s margens da BR 116, em Tucano-BA.<!--more--><\/p>\n<p style=\"text-align: justify;\">De acordo com informa\u00e7\u00f5es preliminares, um homem de identidade desconhecida, se aproximou do estabelecimento, onde passou a efetuar disparos de arma de fogo \u00e0 queima roupa contra o gari Everaldo Jos\u00e9 Jesus Reis, que n\u00e3o resistiu aos ferimentos e morreu ainda no local.<\/p>\n<p style=\"text-align: justify;\"><img fetchpriority=\"high\" decoding=\"async\" class=\"size-full wp-image-2902 alignleft\" src=\"http:\/\/www.portalalerta.com.br\/wp-content\/uploads\/2017\/11\/elab-2.jpg\" alt=\"\" width=\"310\" height=\"200\" srcset=\"https:\/\/www.portalalerta.com.br\/wp-content\/uploads\/2017\/11\/elab-2.jpg 310w, https:\/\/www.portalalerta.com.br\/wp-content\/uploads\/2017\/11\/elab-2-226x146.jpg 226w, https:\/\/www.portalalerta.com.br\/wp-content\/uploads\/2017\/11\/elab-2-50x32.jpg 50w, https:\/\/www.portalalerta.com.br\/wp-content\/uploads\/2017\/11\/elab-2-116x75.jpg 116w\" sizes=\"(max-width: 310px) 100vw, 310px\" \/>O autor fugiu a bordo de uma motocicleta de dados n\u00e3o anotados, juntamente com um comparsa que o aguardava na Rodovia em quest\u00e3o.<\/p>\n<p style=\"text-align: justify;\">Policiais militares da cidade foram at\u00e9 o local, onde restou apenas informar o crime ao Departamento de Pol\u00edcia T\u00e9cnica (DPT \u2013 Euclides da Cunha), para a realiza\u00e7\u00e3o da per\u00edcia bem como a remo\u00e7\u00e3o do corpo para ser autopsiado.<\/p>\n<p style=\"text-align: justify;\">Este \u00e9 o quinto homic\u00eddio confirmado em Tucano-BA apenas este ano.<\/p>\n<figure id=\"attachment_16616\" aria-describedby=\"caption-attachment-16616\" style=\"width: 432px\" class=\"wp-caption aligncenter\"><img decoding=\"async\" class=\"wp-image-16616 size-full\" src=\"http:\/\/www.portalalerta.com.br\/wp-content\/uploads\/2019\/05\/homic\u00eddio-em-Tucano-2019.9.jpeg\" alt=\"\" width=\"432\" height=\"339\" srcset=\"https:\/\/www.portalalerta.com.br\/wp-content\/uploads\/2019\/05\/homic\u00eddio-em-Tucano-2019.9.jpeg 432w, https:\/\/www.portalalerta.com.br\/wp-content\/uploads\/2019\/05\/homic\u00eddio-em-Tucano-2019.9-306x240.jpeg 306w, https:\/\/www.portalalerta.com.br\/wp-content\/uploads\/2019\/05\/homic\u00eddio-em-Tucano-2019.9-186x146.jpeg 186w, https:\/\/www.portalalerta.com.br\/wp-content\/uploads\/2019\/05\/homic\u00eddio-em-Tucano-2019.9-50x39.jpeg 50w, https:\/\/www.portalalerta.com.br\/wp-content\/uploads\/2019\/05\/homic\u00eddio-em-Tucano-2019.9-96x75.jpeg 96w\" sizes=\"(max-width: 432px) 100vw, 432px\" \/><figcaption id=\"caption-attachment-16616\" class=\"wp-caption-text\">Everaldo foi assassinado \u00e0 tiros, quando se encontrava num bar<\/figcaption><\/figure>\n<p style=\"text-align: justify;\"><a href=\"http:\/\/www.facebook.com.br\/pombalalerta\"><strong style=\"font-style: inherit;\">Curta nossa p\u00e1gina no facebook, e continue atualizado sobre tudo o que acontece em sua cidade!<\/strong><\/a><\/p>\n<p style=\"text-align: justify;\"><a href=\"https:\/\/play.google.com\/store\/apps\/details?id=com.globalstore.portalalerta\"><strong style=\"font-style: inherit;\">Baixe o NOVO APLICATIVO Portal Alerta, e fique de olho na not\u00edcia<\/strong><\/a><\/p>\n<p style=\"text-align: justify;\"><em style=\"font-weight: inherit;\">Reda\u00e7\u00e3o: Portal Alerta<\/em><\/p>\n","protected":false},"excerpt":{"rendered":"<p>Por volta das 16:00hs desta quarta-feira, 1\u00ba, um homem foi assassinado quando se encontrava num estabelecimento comercial, conhecido como Bar dos Caminhoneiros, situado \u00e0s margens da BR 116, em Tucano-BA.<\/p>\n","protected":false},"author":2,"featured_media":13354,"comment_status":"open","ping_status":"open","sticky":false,"template":"","format":"standard","meta":{"om_disable_all_campaigns":false,"_monsterinsights_skip_tracking":false,"_monsterinsights_sitenote_active":false,"_monsterinsights_sitenote_note":"","_monsterinsights_sitenote_category":0,"footnotes":""},"categories":[70,69,32,22,12],"tags":[375,206,169,190],"class_list":["post-16610","post","type-post","status-publish","format-standard","has-post-thumbnail","hentry","category-destaques","category-noticias2","category-regiao","category-seguranca","category-tucano","tag-disparos-de-arma-de-fogo","tag-homicidio","tag-morte","tag-tucano"],"aioseo_notices":[],"_links":{"self":[{"href":"https:\/\/www.portalalerta.com.br\/index.php\/wp-json\/wp\/v2\/posts\/16610","targetHints":{"allow":["GET"]}}],"collection":[{"href":"https:\/\/www.portalalerta.com.br\/index.php\/wp-json\/wp\/v2\/posts"}],"about":[{"href":"https:\/\/www.portalalerta.com.br\/index.php\/wp-json\/wp\/v2\/types\/post"}],"author":[{"embeddable":true,"href":"https:\/\/www.portalalerta.com.br\/index.php\/wp-json\/wp\/v2\/users\/2"}],"replies":[{"embeddable":true,"href":"https:\/\/www.portalalerta.com.br\/index.php\/wp-json\/wp\/v2\/comments?post=16610"}],"version-history":[{"count":0,"href":"https:\/\/www.portalalerta.com.br\/index.php\/wp-json\/wp\/v2\/posts\/16610\/revisions"}],"wp:featuredmedia":[{"embeddable":true,"href":"https:\/\/www.portalalerta.com.br\/index.php\/wp-json\/wp\/v2\/media\/13354"}],"wp:attachment":[{"href":"https:\/\/www.portalalerta.com.br\/index.php\/wp-json\/wp\/v2\/media?parent=16610"}],"wp:term":[{"taxonomy":"category","embeddable":true,"href":"https:\/\/www.portalalerta.com.br\/index.php\/wp-json\/wp\/v2\/categories?post=16610"},{"taxonomy":"post_tag","embeddable":true,"href":"https:\/\/www.portalalerta.com.br\/index.php\/wp-json\/wp\/v2\/tags?post=16610"}],"curies":[{"name":"wp","href":"https:\/\/api.w.org\/{rel}","templated":true}]}}