{"id":16621,"date":"2019-05-02T11:25:40","date_gmt":"2019-05-02T14:25:40","guid":{"rendered":"http:\/\/www.portalalerta.com.br\/?p=16621"},"modified":"2019-05-02T13:36:32","modified_gmt":"2019-05-02T16:36:32","slug":"odebrecht-abre-vagas-para-estagio-de-ferias-na-bahia","status":"publish","type":"post","link":"https:\/\/www.portalalerta.com.br\/index.php\/2019\/05\/02\/odebrecht-abre-vagas-para-estagio-de-ferias-na-bahia\/","title":{"rendered":"Odebrecht abre vagas para est\u00e1gio de f\u00e9rias na Bahia"},"content":{"rendered":"<p style=\"text-align: justify;\">As inscri\u00e7\u00f5es podem ser feitas at\u00e9 o dia 9 de maio atrav\u00e9s do site da empresa.<!--more--><\/p>\n<p style=\"text-align: justify;\"><img fetchpriority=\"high\" decoding=\"async\" class=\"alignleft wp-image-16510 size-full\" src=\"http:\/\/www.portalalerta.com.br\/wp-content\/uploads\/2019\/04\/Dia-das-m\u00e3es-Real-Cal\u00e7ados-2019.jpeg\" alt=\"\" width=\"300\" height=\"533\" srcset=\"https:\/\/www.portalalerta.com.br\/wp-content\/uploads\/2019\/04\/Dia-das-m\u00e3es-Real-Cal\u00e7ados-2019.jpeg 300w, https:\/\/www.portalalerta.com.br\/wp-content\/uploads\/2019\/04\/Dia-das-m\u00e3es-Real-Cal\u00e7ados-2019-135x240.jpeg 135w, https:\/\/www.portalalerta.com.br\/wp-content\/uploads\/2019\/04\/Dia-das-m\u00e3es-Real-Cal\u00e7ados-2019-82x146.jpeg 82w, https:\/\/www.portalalerta.com.br\/wp-content\/uploads\/2019\/04\/Dia-das-m\u00e3es-Real-Cal\u00e7ados-2019-28x50.jpeg 28w, https:\/\/www.portalalerta.com.br\/wp-content\/uploads\/2019\/04\/Dia-das-m\u00e3es-Real-Cal\u00e7ados-2019-42x75.jpeg 42w\" sizes=\"(max-width: 300px) 100vw, 300px\" \/>A Odebrecht, organiza\u00e7\u00e3o global brasileira, est\u00e1 com 30 vagas de est\u00e1gio de f\u00e9rias voltadas para universit\u00e1rios a partir do 5\u00ba per\u00edodo dos cursos de administra\u00e7\u00e3o, ci\u00eancias cont\u00e1beis, engenharia civil, el\u00e9trica, mec\u00e2nica e psicologia.<\/p>\n<p style=\"text-align: justify;\">\u00a0As vagas s\u00e3o distribu\u00eddas na Bahia, Alagoas, Par\u00e1, Rio Grande do Sul, Rio de Janeiro e S\u00e3o Paulo. As vagas s\u00e3o para as \u00e1reas de produ\u00e7\u00e3o, projetos, planejamento, equipamentos, financeira, log\u00edstica, recursos humanos, e outras. As inscri\u00e7\u00f5es podem ser feitas at\u00e9 o dia 9 de maio atrav\u00e9s do\u00a0site\u00a0da empresa.<\/p>\n<p style=\"text-align: justify;\">Fonte: iBahia<\/p>\n","protected":false},"excerpt":{"rendered":"<p>As inscri\u00e7\u00f5es podem ser feitas at\u00e9 o dia 9 de maio atrav\u00e9s do site da empresa.<\/p>\n","protected":false},"author":2,"featured_media":16622,"comment_status":"open","ping_status":"open","sticky":false,"template":"","format":"standard","meta":{"om_disable_all_campaigns":false,"_monsterinsights_skip_tracking":false,"_monsterinsights_sitenote_active":false,"_monsterinsights_sitenote_note":"","_monsterinsights_sitenote_category":0,"footnotes":""},"categories":[33,34,70,69],"tags":[454,54,1814,1896,237,244,300,854,404],"class_list":["post-16621","post","type-post","status-publish","format-standard","has-post-thumbnail","hentry","category-bahia","category-brasil","category-destaques","category-noticias2","tag-alagoas","tag-bahia","tag-estagio","tag-inscricoes","tag-odebrecht","tag-para","tag-rio-de-janeiro","tag-rio-grande-do-sul","tag-sao-paulo"],"aioseo_notices":[],"_links":{"self":[{"href":"https:\/\/www.portalalerta.com.br\/index.php\/wp-json\/wp\/v2\/posts\/16621","targetHints":{"allow":["GET"]}}],"collection":[{"href":"https:\/\/www.portalalerta.com.br\/index.php\/wp-json\/wp\/v2\/posts"}],"about":[{"href":"https:\/\/www.portalalerta.com.br\/index.php\/wp-json\/wp\/v2\/types\/post"}],"author":[{"embeddable":true,"href":"https:\/\/www.portalalerta.com.br\/index.php\/wp-json\/wp\/v2\/users\/2"}],"replies":[{"embeddable":true,"href":"https:\/\/www.portalalerta.com.br\/index.php\/wp-json\/wp\/v2\/comments?post=16621"}],"version-history":[{"count":0,"href":"https:\/\/www.portalalerta.com.br\/index.php\/wp-json\/wp\/v2\/posts\/16621\/revisions"}],"wp:featuredmedia":[{"embeddable":true,"href":"https:\/\/www.portalalerta.com.br\/index.php\/wp-json\/wp\/v2\/media\/16622"}],"wp:attachment":[{"href":"https:\/\/www.portalalerta.com.br\/index.php\/wp-json\/wp\/v2\/media?parent=16621"}],"wp:term":[{"taxonomy":"category","embeddable":true,"href":"https:\/\/www.portalalerta.com.br\/index.php\/wp-json\/wp\/v2\/categories?post=16621"},{"taxonomy":"post_tag","embeddable":true,"href":"https:\/\/www.portalalerta.com.br\/index.php\/wp-json\/wp\/v2\/tags?post=16621"}],"curies":[{"name":"wp","href":"https:\/\/api.w.org\/{rel}","templated":true}]}}