{"id":16637,"date":"2019-05-02T17:02:49","date_gmt":"2019-05-02T20:02:49","guid":{"rendered":"http:\/\/www.portalalerta.com.br\/?p=16637"},"modified":"2019-05-02T17:02:49","modified_gmt":"2019-05-02T20:02:49","slug":"secretaria-de-educacao-da-bahia-abre-295-vagas-para-professor-da-educacao-profissional","status":"publish","type":"post","link":"https:\/\/www.portalalerta.com.br\/index.php\/2019\/05\/02\/secretaria-de-educacao-da-bahia-abre-295-vagas-para-professor-da-educacao-profissional\/","title":{"rendered":"Secretaria de Educa\u00e7\u00e3o da Bahia abre 295 vagas para professor da educa\u00e7\u00e3o profissional"},"content":{"rendered":"<p style=\"text-align: justify;\">A Secretaria da Educa\u00e7\u00e3o da Bahia abriu, nesta ter\u00e7a-feira (30), inscri\u00e7\u00f5es para o concurso com 295 vagas para professores da educa\u00e7\u00e3o profissional. Os interessados t\u00eam at\u00e9 o dia 14 de maio para realizar a inscri\u00e7\u00e3o, pelo site da Universidade Estadual da Bahia (Uneb). As vagas s\u00e3o para n\u00edvel superior em licenciatura plena, bacharelado e\/ou tecn\u00f3logo.<!--more--><\/p>\n<p style=\"text-align: justify;\"><img fetchpriority=\"high\" decoding=\"async\" class=\"size-full wp-image-2902 alignleft\" src=\"http:\/\/www.portalalerta.com.br\/wp-content\/uploads\/2017\/11\/elab-2.jpg\" alt=\"\" width=\"310\" height=\"200\" srcset=\"https:\/\/www.portalalerta.com.br\/wp-content\/uploads\/2017\/11\/elab-2.jpg 310w, https:\/\/www.portalalerta.com.br\/wp-content\/uploads\/2017\/11\/elab-2-226x146.jpg 226w, https:\/\/www.portalalerta.com.br\/wp-content\/uploads\/2017\/11\/elab-2-50x32.jpg 50w, https:\/\/www.portalalerta.com.br\/wp-content\/uploads\/2017\/11\/elab-2-116x75.jpg 116w\" sizes=\"(max-width: 310px) 100vw, 310px\" \/>O sal\u00e1rio base \u00e9 de R$ 1.306,19, h\u00e1 acr\u00e9scimo de gratifica\u00e7\u00e3o da fun\u00e7\u00e3o tempor\u00e1ria, no valor de R$ 407,27, o que totaliza uma remunera\u00e7\u00e3o de R$ 1.713,46. Haver\u00e1, ainda, acr\u00e9scimo, por dia \u00fatil trabalhado, de aux\u00edlio transporte, e ser\u00e1 oferecida, de forma facultativa, a assist\u00eancia m\u00e9dica do Estado somente para o titular, mediante contribui\u00e7\u00e3o mensal, conforme a faixa de renda salarial.<\/p>\n<p style=\"text-align: justify;\">Outros detalhes do certame, como \u00e1reas, locais de prova e de atua\u00e7\u00e3o est\u00e3o dispon\u00edveis no\u00a0<strong><a href=\"http:\/\/educadores.educacao.ba.gov.br\/sites\/default\/files\/private\/midiateca\/documentos\/2019\/edital-selecao-prof-educacao-prof.pdf\">edital do concurso<\/a><\/strong>.<\/p>\n<p style=\"text-align: justify;\"><em>Fonte: Cleriston Silva <\/em><\/p>\n","protected":false},"excerpt":{"rendered":"<p>A Secretaria da Educa\u00e7\u00e3o da Bahia abriu, nesta ter\u00e7a-feira (30), inscri\u00e7\u00f5es para o concurso com 295 vagas para professores da educa\u00e7\u00e3o profissional. Os interessados t\u00eam at\u00e9 o dia 14 de maio para realizar a inscri\u00e7\u00e3o, pelo site da Universidade Estadual da Bahia (Uneb). As vagas s\u00e3o para n\u00edvel superior em licenciatura plena, bacharelado e\/ou tecn\u00f3logo.<\/p>\n","protected":false},"author":2,"featured_media":13768,"comment_status":"open","ping_status":"open","sticky":false,"template":"","format":"standard","meta":{"om_disable_all_campaigns":false,"_monsterinsights_skip_tracking":false,"_monsterinsights_sitenote_active":false,"_monsterinsights_sitenote_note":"","_monsterinsights_sitenote_category":0,"footnotes":""},"categories":[33,70,20,69],"tags":[54,257,2111,912,1896,212],"class_list":["post-16637","post","type-post","status-publish","format-standard","has-post-thumbnail","hentry","category-bahia","category-destaques","category-educacao","category-noticias2","tag-bahia","tag-concurso","tag-educacao-profissional","tag-governo-da-bahia","tag-inscricoes","tag-secretaria-de-educacao"],"aioseo_notices":[],"_links":{"self":[{"href":"https:\/\/www.portalalerta.com.br\/index.php\/wp-json\/wp\/v2\/posts\/16637","targetHints":{"allow":["GET"]}}],"collection":[{"href":"https:\/\/www.portalalerta.com.br\/index.php\/wp-json\/wp\/v2\/posts"}],"about":[{"href":"https:\/\/www.portalalerta.com.br\/index.php\/wp-json\/wp\/v2\/types\/post"}],"author":[{"embeddable":true,"href":"https:\/\/www.portalalerta.com.br\/index.php\/wp-json\/wp\/v2\/users\/2"}],"replies":[{"embeddable":true,"href":"https:\/\/www.portalalerta.com.br\/index.php\/wp-json\/wp\/v2\/comments?post=16637"}],"version-history":[{"count":0,"href":"https:\/\/www.portalalerta.com.br\/index.php\/wp-json\/wp\/v2\/posts\/16637\/revisions"}],"wp:featuredmedia":[{"embeddable":true,"href":"https:\/\/www.portalalerta.com.br\/index.php\/wp-json\/wp\/v2\/media\/13768"}],"wp:attachment":[{"href":"https:\/\/www.portalalerta.com.br\/index.php\/wp-json\/wp\/v2\/media?parent=16637"}],"wp:term":[{"taxonomy":"category","embeddable":true,"href":"https:\/\/www.portalalerta.com.br\/index.php\/wp-json\/wp\/v2\/categories?post=16637"},{"taxonomy":"post_tag","embeddable":true,"href":"https:\/\/www.portalalerta.com.br\/index.php\/wp-json\/wp\/v2\/tags?post=16637"}],"curies":[{"name":"wp","href":"https:\/\/api.w.org\/{rel}","templated":true}]}}