{"id":16639,"date":"2019-05-02T17:03:48","date_gmt":"2019-05-02T20:03:48","guid":{"rendered":"http:\/\/www.portalalerta.com.br\/?p=16639"},"modified":"2019-05-02T17:03:48","modified_gmt":"2019-05-02T20:03:48","slug":"uniao-reconhece-situacao-de-emergencia-por-estiagem-em-147-municipios-baianos","status":"publish","type":"post","link":"https:\/\/www.portalalerta.com.br\/index.php\/2019\/05\/02\/uniao-reconhece-situacao-de-emergencia-por-estiagem-em-147-municipios-baianos\/","title":{"rendered":"Uni\u00e3o reconhece situa\u00e7\u00e3o de emerg\u00eancia por estiagem em 147 munic\u00edpios baianos"},"content":{"rendered":"<p style=\"text-align: justify;\">Um total de 147 munic\u00edpios baianos teve decretos de emerg\u00eancia por estiagem reconhecidos pelo governo federal. Antes, os decretos foram determinados pelas prefeituras e depois pelo governo do estado. Dos tr\u00eas entes, se espera mais recursos da Uni\u00e3o para enfrentar os preju\u00edzos causados pela estiagem. A Portaria que reconhece a situa\u00e7\u00e3o de emerg\u00eancia nas 147 cidades foi publicada nesta segunda-feira (29) no Di\u00e1rio Oficial da Uni\u00e3o. A lista dos munic\u00edpios \u00e9 composta por:\u00a0<!--more--><\/p>\n<p style=\"text-align: justify;\"><img fetchpriority=\"high\" decoding=\"async\" class=\"size-thumbnail wp-image-4959 alignleft\" src=\"http:\/\/www.portalalerta.com.br\/wp-content\/uploads\/2018\/02\/Auto-Escola-Nobre-1-319x240.jpg\" alt=\"\" width=\"319\" height=\"240\" srcset=\"https:\/\/www.portalalerta.com.br\/wp-content\/uploads\/2018\/02\/Auto-Escola-Nobre-1-319x240.jpg 319w, https:\/\/www.portalalerta.com.br\/wp-content\/uploads\/2018\/02\/Auto-Escola-Nobre-1-194x146.jpg 194w, https:\/\/www.portalalerta.com.br\/wp-content\/uploads\/2018\/02\/Auto-Escola-Nobre-1-50x38.jpg 50w, https:\/\/www.portalalerta.com.br\/wp-content\/uploads\/2018\/02\/Auto-Escola-Nobre-1-100x75.jpg 100w, https:\/\/www.portalalerta.com.br\/wp-content\/uploads\/2018\/02\/Auto-Escola-Nobre-1.jpg 720w\" sizes=\"(max-width: 319px) 100vw, 319px\" \/>Abar\u00e9, Adustina, Am\u00e9rica Dourada, Anguera, Antas, Ant\u00f4nio Cardoso, Ant\u00f4nio Gon\u00e7alves, Araci, Barra, Barra do Mendes, Barro Alto, Biritinga, Bom Jesus da Lapa, Boninal, Boquira, Botupor\u00e3, Brej\u00f5es, Brotas de Maca\u00fabas, Brumado, Ca\u00e9m, Caetit\u00e9, Cafarnaum, Caldeir\u00e3o Grande, Campo Alegre de Lourdes, Campo Formoso, Canarana, Candeal, Cansan\u00e7\u00e3o, Capim Grosso, Caturama, Central, C\u00edcero Dantas, Concei\u00e7\u00e3o do Coit\u00e9, Contendas do Sincor\u00e1, Cris\u00f3polis e Dom Bas\u00edlio.<\/p>\n<p style=\"text-align: justify;\">Depois vem \u00c9rico Cardoso, Euclides da Cunha, F\u00e1tima, Feira de Santana, Filad\u00e9lfia, Gavi\u00e3o, Gentio do Ouro, Gl\u00f3ria, Heli\u00f3polis, Ia\u00e7u, Ibiassuc\u00ea, Ibipeba, Ibipitanga, Ibiquera, Ibitiara, Ibitit\u00e1, Ichu, Igapor\u00e3, Ipecaet\u00e1, Ipir\u00e1, Irajuba, Iramaia, Iraquara, Irar\u00e1, Itaberaba, Itagua\u00e7u da Bahia, Itapicuru, Itaquara, Itatim, Itua\u00e7u, Jaguarari, Jeremoabo, Juazeiro, Jussara, Jussiape, Lafaiete Coutinho, Lagoa Real, Lajedinho, Lamar\u00e3o, Len\u00e7\u00f3is e Livramento de Nossa Senhora.<\/p>\n<p style=\"text-align: justify;\">A rela\u00e7\u00e3o tamb\u00e9m tem Maca\u00fabas, Mairi, Malhada de Pedras, Marcion\u00edlio Souza, Miguel Calmon, Mirangaba, Morpar\u00e1, Mortugaba, Morro do Chap\u00e9u, Mulungu do Morro, Mundo Novo, Nova F\u00e1tima, Nova Itarana, Nova Reden\u00e7\u00e3o, Nova Soure, Novo Horizonte, Novo Triunfo, Ourol\u00e2ndia, Palmeira, Paramirim, Paulo Afonso, Paratinga, P\u00e9 de Serra, Pedro Alexandre, Pil\u00e3o Arcado, Pinda\u00ed, Pindoba\u00e7u, Pintadas, Piritiba, Ponto Novo, Presidente Dutra e Quixabeira.<\/p>\n<p style=\"text-align: justify;\">Ainda na lista aparecem Rafael Jambeiro, Retirol\u00e2ndia, Riach\u00e3o do Jacu\u00edpe, Rio do Ant\u00f4nio, Rio do Pires, Rio Real, Rodelas, Ruy Barbosa, Santa B\u00e1rbara, Santa Br\u00edgida, Santa In\u00eas, Santaluz, Santan\u00f3polis, Santa Teresinha, S\u00e3o Domingos, S\u00e3o F\u00e9lix do Coribe, S\u00e3o Gabriel, S\u00e3o Jos\u00e9 do Jacu\u00edpe, Sa\u00fade, Senhor do Bonfim, Sento S\u00e9, Serra Preta, Serra do Ramalho, Serrol\u00e2ndia, S\u00edtio do Quinto, Sobradinho, Souto Soares, Tanque Novo, Tanquinho, Tucano, Uiba\u00ed, Umburanas, Utinga, Valente, V\u00e1rzea da Ro\u00e7a, V\u00e1rzea do Po\u00e7o, V\u00e1rzea Nova e Wagner.<\/p>\n<p style=\"text-align: justify;\"><em>Fonte: Cleriston Silva<\/em><\/p>\n","protected":false},"excerpt":{"rendered":"<p>Um total de 147 munic\u00edpios baianos teve decretos de emerg\u00eancia por estiagem reconhecidos pelo governo federal. Antes, os decretos foram determinados pelas prefeituras e depois pelo governo do estado. Dos tr\u00eas entes, se espera mais recursos da Uni\u00e3o para enfrentar os preju\u00edzos causados pela estiagem. A Portaria que reconhece a situa\u00e7\u00e3o de emerg\u00eancia nas 147 &hellip;<\/p>\n","protected":false},"author":2,"featured_media":6029,"comment_status":"open","ping_status":"open","sticky":false,"template":"","format":"standard","meta":{"om_disable_all_campaigns":false,"_monsterinsights_skip_tracking":false,"_monsterinsights_sitenote_active":false,"_monsterinsights_sitenote_note":"","_monsterinsights_sitenote_category":0,"footnotes":""},"categories":[40,5,41,33,4,42,70,17,10,6,18,9,69,14,8,32,7,12],"tags":[323,100,2395,1787,71,841,2396,48,54,620,2397,2398,794,2399,1706,2400,2401,93,2051,2402,796,1012,1218,2403,2404,2405,473,2406,2407,370,586,2408,2656,75,700,2409,46,2410,2657,129,107,377,2392,2411,2412,310,44,398,2413,2414,2658,2659,2660,2416,1933,2417,2418,2121,2419,2420,2421,1792,407,2422,132,2423,2314,2424,742,230,445,2425,2426,2427,2428,2429,1924,2430,1600,2431,2432,2433,2434,2435,2436,2437,2055,2438,2439,432,2440,2441,2442,106,2230,203,2443,2661,2444,2445,118,2446,1518,1732,2447,2096,2448,2449,2393,2450,2451,682,2009,536,2452,2453,553,2454,2455,290,555,1799,2456,799,1800,2010,2457,2458,2459,61,862,880,2460,2461,1230,2462,111,863,2463,2464,2306,1912,190,2465,2466,2467,778,2056,2468,2469,2470],"class_list":["post-16639","post","type-post","status-publish","format-standard","has-post-thumbnail","hentry","category-adustina","category-antas","category-araci","category-bahia","category-cicero-dantas","category-crisopolis","category-destaques","category-euclides-da-cunha","category-fatima","category-heliopolis","category-itapicuru","category-jeremoabo","category-noticias2","category-nova-soure","category-novo-triunfo","category-regiao","category-sitio-do-quinto","category-tucano","tag-abare","tag-adustina","tag-america-dourada","tag-anguera","tag-antas","tag-antonio-cardoso","tag-antonio-goncalves","tag-araci","tag-bahia","tag-barra","tag-barra-do-mendes","tag-barro-alto","tag-biritinga","tag-bom-jesus-da-lapa","tag-boninal","tag-boquira","tag-botupora","tag-brasil","tag-brejoes","tag-brotas-de-macaubas","tag-brumado","tag-caem","tag-caetite","tag-cafarnaum","tag-caldeirao-grande","tag-campo-alegre-de-lourdes","tag-campo-formoso","tag-canarana","tag-candeal","tag-cansancao","tag-capim-grosso","tag-caturama","tag-central","tag-cicero-dantas","tag-conceicao-do-coite","tag-contendas-do-sincora","tag-crisopolis","tag-dom-basilio","tag-erico-cardoso","tag-euclides-da-cunha","tag-fatima","tag-feira-de-santana","tag-filadelfia","tag-gaviao","tag-gentio-do-ouro","tag-gloria","tag-heliopolis","tag-iacu","tag-ibiassuce","tag-ibipeba","tag-ibipitanga","tag-ibiquera","tag-ibitiara","tag-ibitita","tag-ichu","tag-igapora","tag-ipecaeta","tag-ipira","tag-irajuba","tag-iramaia","tag-iraquara","tag-irara","tag-itaberaba","tag-itaguacu-da-bahia","tag-itapicuru","tag-itaquara","tag-itatim","tag-ituacu","tag-jaguarari","tag-jeremoabo","tag-juazeiro","tag-jussara","tag-jussiape","tag-lafaiete-coutinho","tag-lagoa-real","tag-lajedinho","tag-lamarao","tag-lencois","tag-livramento-de-nossa-senhora","tag-macaubas","tag-mairi","tag-malhada-de-pedras","tag-marcionilio-souza","tag-miguel-calmon","tag-mirangaba","tag-morpara","tag-morro-do-chapeu","tag-mortugaba","tag-mulungu-do-morro","tag-mundo-novo","tag-nova-fatima","tag-nova-itarana","tag-nova-redencao","tag-nova-soure","tag-novo-horizonte","tag-novo-triunfo","tag-ourolandia","tag-palmeira","tag-paramirim","tag-paratinga","tag-paulo-afonso","tag-pe-de-serra","tag-pedro-alexandre","tag-pilao-arcado","tag-pindai","tag-pindobacu","tag-pintadas","tag-piritiba","tag-ponto-novo","tag-presidente-dutra","tag-quixabeira","tag-rafael-jambeiro","tag-retirolandia","tag-riachao-do-jacuipe","tag-rio-do-antonio","tag-rio-do-pires","tag-rio-real","tag-rodelas","tag-ruy-barbosa","tag-santa-barbara","tag-santa-brigida","tag-santa-ines","tag-santa-teresinha","tag-santaluz","tag-santanopolis","tag-sao-domingos","tag-sao-felix-do-coribe","tag-sao-gabriel","tag-sao-jose-do-jacuipe","tag-saude","tag-seca","tag-senhor-do-bonfim","tag-sento-se","tag-serra-do-ramalho","tag-serra-preta","tag-serrolandia","tag-sitio-do-quinto","tag-situacao-de-emergencia","tag-sobradinho","tag-souto-soares","tag-tanque-novo","tag-tanquinho","tag-tucano","tag-uibai","tag-umburanas","tag-utinga","tag-valente","tag-varzea-da-roca","tag-varzea-do-poco","tag-varzea-nova","tag-wagner"],"aioseo_notices":[],"_links":{"self":[{"href":"https:\/\/www.portalalerta.com.br\/index.php\/wp-json\/wp\/v2\/posts\/16639","targetHints":{"allow":["GET"]}}],"collection":[{"href":"https:\/\/www.portalalerta.com.br\/index.php\/wp-json\/wp\/v2\/posts"}],"about":[{"href":"https:\/\/www.portalalerta.com.br\/index.php\/wp-json\/wp\/v2\/types\/post"}],"author":[{"embeddable":true,"href":"https:\/\/www.portalalerta.com.br\/index.php\/wp-json\/wp\/v2\/users\/2"}],"replies":[{"embeddable":true,"href":"https:\/\/www.portalalerta.com.br\/index.php\/wp-json\/wp\/v2\/comments?post=16639"}],"version-history":[{"count":0,"href":"https:\/\/www.portalalerta.com.br\/index.php\/wp-json\/wp\/v2\/posts\/16639\/revisions"}],"wp:featuredmedia":[{"embeddable":true,"href":"https:\/\/www.portalalerta.com.br\/index.php\/wp-json\/wp\/v2\/media\/6029"}],"wp:attachment":[{"href":"https:\/\/www.portalalerta.com.br\/index.php\/wp-json\/wp\/v2\/media?parent=16639"}],"wp:term":[{"taxonomy":"category","embeddable":true,"href":"https:\/\/www.portalalerta.com.br\/index.php\/wp-json\/wp\/v2\/categories?post=16639"},{"taxonomy":"post_tag","embeddable":true,"href":"https:\/\/www.portalalerta.com.br\/index.php\/wp-json\/wp\/v2\/tags?post=16639"}],"curies":[{"name":"wp","href":"https:\/\/api.w.org\/{rel}","templated":true}]}}