{"id":16642,"date":"2019-05-03T00:14:43","date_gmt":"2019-05-03T03:14:43","guid":{"rendered":"http:\/\/www.portalalerta.com.br\/?p=16642"},"modified":"2019-05-03T00:14:43","modified_gmt":"2019-05-03T03:14:43","slug":"situacao-na-venezuela-preocupa-setor-de-combustiveis","status":"publish","type":"post","link":"https:\/\/www.portalalerta.com.br\/index.php\/2019\/05\/03\/situacao-na-venezuela-preocupa-setor-de-combustiveis\/","title":{"rendered":"Situa\u00e7\u00e3o na Venezuela preocupa setor de combust\u00edveis"},"content":{"rendered":"<p style=\"text-align: justify;\">Presidente Bolsonaro e ministros avaliam reflexos da crise venezuelana<!--more--><\/p>\n<p style=\"text-align: justify;\">O presidente Jair Bolsonaro disse hoje (1\u00ba) que h\u00e1 uma preocupa\u00e7\u00e3o do governo com o impacto da crise da Venezuela nos pre\u00e7os dos combust\u00edveis. O pa\u00eds \u00e9 um grande produtor de petr\u00f3leo e sofre com san\u00e7\u00f5es econ\u00f4micas e embargos de diversos pa\u00edses, liderados pelos Estados Unidos, \u00e0 commodity.<\/p>\n<p style=\"text-align: justify;\">\u201cUma preocupa\u00e7\u00e3o existe sim, com essa a\u00e7\u00e3o e com embargos, o pre\u00e7o do petr\u00f3leo a princ\u00edpio sobe. Temos que nos preparar, dada a pol\u00edtica da Petrobras [de seguir os pre\u00e7os do mercado internacional] e de n\u00e3o interven\u00e7\u00e3o de nossa parte [do governo], mas poderemos ter um problema s\u00e9rio dentro do Brasil como efeito colateral do que acontece l\u00e1\u201d, disse o presidente.<\/p>\n<p style=\"text-align: justify;\">De acordo com Bolsonaro, o governo est\u00e1 em aten\u00e7\u00e3o para \u201cnos anteciparmos a problemas de fora que venham de forma grave para dentro do Brasil\u201d. Ele se reuniu hoje com o ministro da Defesa, Fernando Azevedo, para avaliar a situa\u00e7\u00e3o pol\u00edtica no pa\u00eds vizinho e os reflexos no Brasil. O encontro, no Minist\u00e9rio da Defesa, em Bras\u00edlia, contou ainda com a presen\u00e7a dos ministros das Rela\u00e7\u00f5es Exteriores, Ernesto Ara\u00fajo, do Gabinete de Seguran\u00e7a Institucional, general Augusto Heleno, e com os comandantes das For\u00e7as Armadas.<\/p>\n<p style=\"text-align: justify;\">Ao longo de ter\u00e7a-feira (30) foram registrados confrontos entre manifestantes e for\u00e7as de seguran\u00e7a nas ruas de Caracas e outras cidades venezuelanas, depois que o autoproclamado presidente interino, Juan Guaid\u00f3, divulgou uma mensagem afirmando ter obtido apoio de oficiais das For\u00e7as Armadas para tirar o presidente Nicol\u00e1s Maduro do poder. Guaid\u00f3 batizou a a\u00e7\u00e3o de Opera\u00e7\u00e3o Liberdade, para livrar o pa\u00eds do que classificou como \u201ca usurpa\u00e7\u00e3o\u201d do poder pelo grupo de Maduro.<\/p>\n<p style=\"text-align: justify;\">A partir da divulga\u00e7\u00e3o do an\u00fancio de Guaid\u00f3 pelas redes sociais, venezuelanos contr\u00e1rios e favor\u00e1veis a Maduro foram \u00e0s ruas. O Pal\u00e1cio do Planalto tem acompanhado com aten\u00e7\u00e3o a situa\u00e7\u00e3o na Venezuela, mas descarta uma interven\u00e7\u00e3o militar no pa\u00eds vizinho. \u201cA possibilidade \u00e9 pr\u00f3xima de zero [de interven\u00e7\u00e3o]. Outros atores est\u00e3o nesse circuito, Estados Unidos e R\u00fassia. Estamos preocupados porque temos reflexos\u201d, disse Bolsonaro.<\/p>\n<p style=\"text-align: justify;\"><img fetchpriority=\"high\" decoding=\"async\" class=\"size-full wp-image-2867 aligncenter\" src=\"http:\/\/www.portalalerta.com.br\/wp-content\/uploads\/2017\/11\/protege-1.jpg\" alt=\"\" width=\"600\" height=\"140\" \/>O presidente brasileiro elogiou o ato de Guaid\u00f3 e disse que h\u00e1, sim, uma fissura nas for\u00e7as armadas venezuelanas que apoiam o governo de Maduro. \u201cExiste uma fissura, sim, que cada vez mais se aproxima das c\u00fapulas das for\u00e7as armadas. Ent\u00e3o existe a possibilidade do governo ruir pelo fato de alguns da c\u00fapula passarem para o outro lado\u201d, disse.<\/p>\n<p style=\"text-align: justify;\"><strong>Asilo e acolhimento<\/strong><\/p>\n<p style=\"text-align: justify;\">Na ter\u00e7a-feira (30), 25 militares venezuelanos de baixa patente pediram asilo na embaixada brasileira em Caracas. Segundo Bolsonaro, a concess\u00e3o foi autorizada, mas eles ainda n\u00e3o conseguiram entrar na embaixada por causa do isolamento que militares venezuelanos fazem nas ruas da capital.<\/p>\n<p style=\"text-align: justify;\">O governo brasileiro tamb\u00e9m liberou um cr\u00e9dito extraordin\u00e1rio em favor do Minist\u00e9rio da Defesa no valor de R$ 223,853 milh\u00f5es. Os recursos s\u00e3o para prorroga\u00e7\u00e3o por mais um ano da Opera\u00e7\u00e3o Acolhida, coordenada pelo Ex\u00e9rcito brasileiro, que atende venezuelanos na fronteira com o Brasil.<\/p>\n<p style=\"text-align: justify;\">O ministro da Defesa, Fernando Azevedo, explicou que a opera\u00e7\u00e3o atua em tr\u00eas fases: o regramento da fronteira, o acolhimento em Boa Vista e Pacaraima, em Roraima, e a interioriza\u00e7\u00e3o. Segundo ele, entretanto, h\u00e1 uma concentra\u00e7\u00e3o de venezuelanos na segunda fase, de perman\u00eancia em Roraima, e o governo pretende intensificar a interioriza\u00e7\u00e3o.<\/p>\n<p style=\"text-align: justify;\"><em>Fonte: Ag\u00eancia Brasil <\/em><\/p>\n","protected":false},"excerpt":{"rendered":"<p>Presidente Bolsonaro e ministros avaliam reflexos da crise venezuelana<\/p>\n","protected":false},"author":2,"featured_media":14701,"comment_status":"open","ping_status":"open","sticky":false,"template":"","format":"standard","meta":{"om_disable_all_campaigns":false,"_monsterinsights_skip_tracking":false,"_monsterinsights_sitenote_active":false,"_monsterinsights_sitenote_note":"","_monsterinsights_sitenote_category":0,"footnotes":""},"categories":[34,70,35,69],"tags":[93,273,339,1376,274,326],"class_list":["post-16642","post","type-post","status-publish","format-standard","has-post-thumbnail","hentry","category-brasil","category-destaques","category-mundo","category-noticias2","tag-brasil","tag-combustivel","tag-mundo","tag-petroleo","tag-preco","tag-venezuela"],"aioseo_notices":[],"_links":{"self":[{"href":"https:\/\/www.portalalerta.com.br\/index.php\/wp-json\/wp\/v2\/posts\/16642","targetHints":{"allow":["GET"]}}],"collection":[{"href":"https:\/\/www.portalalerta.com.br\/index.php\/wp-json\/wp\/v2\/posts"}],"about":[{"href":"https:\/\/www.portalalerta.com.br\/index.php\/wp-json\/wp\/v2\/types\/post"}],"author":[{"embeddable":true,"href":"https:\/\/www.portalalerta.com.br\/index.php\/wp-json\/wp\/v2\/users\/2"}],"replies":[{"embeddable":true,"href":"https:\/\/www.portalalerta.com.br\/index.php\/wp-json\/wp\/v2\/comments?post=16642"}],"version-history":[{"count":0,"href":"https:\/\/www.portalalerta.com.br\/index.php\/wp-json\/wp\/v2\/posts\/16642\/revisions"}],"wp:featuredmedia":[{"embeddable":true,"href":"https:\/\/www.portalalerta.com.br\/index.php\/wp-json\/wp\/v2\/media\/14701"}],"wp:attachment":[{"href":"https:\/\/www.portalalerta.com.br\/index.php\/wp-json\/wp\/v2\/media?parent=16642"}],"wp:term":[{"taxonomy":"category","embeddable":true,"href":"https:\/\/www.portalalerta.com.br\/index.php\/wp-json\/wp\/v2\/categories?post=16642"},{"taxonomy":"post_tag","embeddable":true,"href":"https:\/\/www.portalalerta.com.br\/index.php\/wp-json\/wp\/v2\/tags?post=16642"}],"curies":[{"name":"wp","href":"https:\/\/api.w.org\/{rel}","templated":true}]}}