{"id":16644,"date":"2019-05-03T00:15:35","date_gmt":"2019-05-03T03:15:35","guid":{"rendered":"http:\/\/www.portalalerta.com.br\/?p=16644"},"modified":"2019-05-03T00:15:35","modified_gmt":"2019-05-03T03:15:35","slug":"bolsonaro-destaca-mp-para-abertura-de-negocios-em-pronunciamento","status":"publish","type":"post","link":"https:\/\/www.portalalerta.com.br\/index.php\/2019\/05\/03\/bolsonaro-destaca-mp-para-abertura-de-negocios-em-pronunciamento\/","title":{"rendered":"Bolsonaro destaca MP para abertura de neg\u00f3cios em pronunciamento"},"content":{"rendered":"<p style=\"text-align: justify;\">Presidente Jair Bolsonaro durante pronunciamento de 1\u00ba de maio<!--more--><\/p>\n<p style=\"text-align: justify;\">Em pronunciamento \u00e0 na\u00e7\u00e3o nesta quarta-feira, 1\u00b0, o presidente da Rep\u00fablica, Jair Bolsonaro, destacou a medida provis\u00f3ria editada na ter\u00e7a, 30, que trata da Declara\u00e7\u00e3o dos Direitos de Liberdade Econ\u00f4mica.<\/p>\n<p style=\"text-align: justify;\"><img fetchpriority=\"high\" decoding=\"async\" class=\"alignleft wp-image-16510 size-full\" src=\"http:\/\/www.portalalerta.com.br\/wp-content\/uploads\/2019\/04\/Dia-das-m\u00e3es-Real-Cal\u00e7ados-2019.jpeg\" alt=\"\" width=\"300\" height=\"533\" srcset=\"https:\/\/www.portalalerta.com.br\/wp-content\/uploads\/2019\/04\/Dia-das-m\u00e3es-Real-Cal\u00e7ados-2019.jpeg 300w, https:\/\/www.portalalerta.com.br\/wp-content\/uploads\/2019\/04\/Dia-das-m\u00e3es-Real-Cal\u00e7ados-2019-135x240.jpeg 135w, https:\/\/www.portalalerta.com.br\/wp-content\/uploads\/2019\/04\/Dia-das-m\u00e3es-Real-Cal\u00e7ados-2019-82x146.jpeg 82w, https:\/\/www.portalalerta.com.br\/wp-content\/uploads\/2019\/04\/Dia-das-m\u00e3es-Real-Cal\u00e7ados-2019-28x50.jpeg 28w, https:\/\/www.portalalerta.com.br\/wp-content\/uploads\/2019\/04\/Dia-das-m\u00e3es-Real-Cal\u00e7ados-2019-42x75.jpeg 42w\" sizes=\"(max-width: 300px) 100vw, 300px\" \/>A norma estabelece regras gerais para garantir a livre iniciativa de neg\u00f3cios no Pa\u00eds, de forma desburocratizada. No pronunciamento, com dura\u00e7\u00e3o de 2 minutos e 10 segundos, o presidente disse que a MP est\u00e1 concretizada em direitos considerados essenciais ao crescimento do pa\u00eds, como desenvolver atividade econ\u00f4mica de baixo risco para o sustento pr\u00f3prio da sua fam\u00edlia, produzir, empregar e gerar renda.<\/p>\n<p style=\"text-align: justify;\">Ainda na lista de direitos garantidos pela MP, Jair Bolsonaro listou a liberdade do dono da atividade econ\u00f4mica definir o pre\u00e7o de produtos de servi\u00e7os, sem interfer\u00eancia de qualquer autoridade. O texto garante ainda tratamento igualit\u00e1rio de \u00f3rg\u00e3os e de entidades da administra\u00e7\u00e3o p\u00fablica. Ainda durante o pronunciamento, o presidente ressaltou que a medida restringe o papel do Estado no controle e na fiscaliza\u00e7\u00e3o da atividade econ\u00f4mica.<\/p>\n<p style=\"text-align: justify;\">\u201cEsse \u00e9 o compromisso do meu governo com a plena liberdade econ\u00f4mica, \u00fanica maneira de proporcionar, por m\u00e9rito pr\u00f3prio, e sem interfer\u00eancia do Estado, o engrandecimento de cada cidad\u00e3o\u201d, destacou o presidente.<\/p>\n<p style=\"text-align: justify;\">O presidente da Rep\u00fablica disse ainda que ainda h\u00e1 muito a fazer. \u201cO caminho \u00e9 longo. Eu sei que unidos ultrapassaremos essas dificuldades iniciais que s\u00e3o naturais nas transi\u00e7\u00f5es de governo, especialmente se as concep\u00e7\u00f5es pol\u00edticas forem antag\u00f4nicas. O Brasil elegeu a esperan\u00e7a. Raz\u00e3o pela qual estarei sempre atento para n\u00e3o decepcion\u00e1-los. \u00c9 o meu compromisso com voc\u00ea, nesse Dia do Trabalho\u201d, afirmou.<\/p>\n<p style=\"text-align: justify;\"><strong>Sobre a MP<\/strong><\/p>\n<p style=\"text-align: justify;\">Em nota, a Confedera\u00e7\u00e3o Nacional da Ind\u00fastria (CNI) informou que as medidas est\u00e3o &#8220;na dire\u00e7\u00e3o correta de simplificar a atividade empresarial&#8221;.<\/p>\n<p style=\"text-align: justify;\">&#8220;Esperamos que este seja o an\u00fancio de um primeiro conjunto de medidas nesta dire\u00e7\u00e3o. O ambiente de neg\u00f3cios no Brasil \u00e9 sabidamente hostil \u00e0 atividade empreendedora e s\u00e3o muito bem vindas todas as a\u00e7\u00f5es voltadas para a simplifica\u00e7\u00e3o&#8221;, afirma o presidente da CNI em exerc\u00edcio, Paulo Afonso Ferreira.<\/p>\n<p style=\"text-align: justify;\"><em>Fonte: A Tarde<\/em><\/p>\n","protected":false},"excerpt":{"rendered":"<p>Presidente Jair Bolsonaro durante pronunciamento de 1\u00ba de maio<\/p>\n","protected":false},"author":2,"featured_media":16645,"comment_status":"open","ping_status":"open","sticky":false,"template":"","format":"standard","meta":{"om_disable_all_campaigns":false,"_monsterinsights_skip_tracking":false,"_monsterinsights_sitenote_active":false,"_monsterinsights_sitenote_note":"","_monsterinsights_sitenote_category":0,"footnotes":""},"categories":[34,70,69,21],"tags":[93,1395,199,2662],"class_list":["post-16644","post","type-post","status-publish","format-standard","has-post-thumbnail","hentry","category-brasil","category-destaques","category-noticias2","category-politica","tag-brasil","tag-jair-bolsonaro","tag-politica","tag-pronunciamento"],"aioseo_notices":[],"_links":{"self":[{"href":"https:\/\/www.portalalerta.com.br\/index.php\/wp-json\/wp\/v2\/posts\/16644","targetHints":{"allow":["GET"]}}],"collection":[{"href":"https:\/\/www.portalalerta.com.br\/index.php\/wp-json\/wp\/v2\/posts"}],"about":[{"href":"https:\/\/www.portalalerta.com.br\/index.php\/wp-json\/wp\/v2\/types\/post"}],"author":[{"embeddable":true,"href":"https:\/\/www.portalalerta.com.br\/index.php\/wp-json\/wp\/v2\/users\/2"}],"replies":[{"embeddable":true,"href":"https:\/\/www.portalalerta.com.br\/index.php\/wp-json\/wp\/v2\/comments?post=16644"}],"version-history":[{"count":0,"href":"https:\/\/www.portalalerta.com.br\/index.php\/wp-json\/wp\/v2\/posts\/16644\/revisions"}],"wp:featuredmedia":[{"embeddable":true,"href":"https:\/\/www.portalalerta.com.br\/index.php\/wp-json\/wp\/v2\/media\/16645"}],"wp:attachment":[{"href":"https:\/\/www.portalalerta.com.br\/index.php\/wp-json\/wp\/v2\/media?parent=16644"}],"wp:term":[{"taxonomy":"category","embeddable":true,"href":"https:\/\/www.portalalerta.com.br\/index.php\/wp-json\/wp\/v2\/categories?post=16644"},{"taxonomy":"post_tag","embeddable":true,"href":"https:\/\/www.portalalerta.com.br\/index.php\/wp-json\/wp\/v2\/tags?post=16644"}],"curies":[{"name":"wp","href":"https:\/\/api.w.org\/{rel}","templated":true}]}}